{"id":107578,"date":"2020-12-19T11:55:22","date_gmt":"2020-12-19T16:55:22","guid":{"rendered":"https:\/\/linitiative.ca\/International\/bvmac-le-conseil-dadministration-proroge-de-six-mois-le-mandat-de-jean-claude-ngbwa\/"},"modified":"2020-12-19T11:55:22","modified_gmt":"2020-12-19T16:55:22","slug":"bvmac-le-conseil-dadministration-proroge-de-six-mois-le-mandat-de-jean-claude-ngbwa","status":"publish","type":"post","link":"https:\/\/linitiative.ca\/International\/bvmac-le-conseil-dadministration-proroge-de-six-mois-le-mandat-de-jean-claude-ngbwa\/","title":{"rendered":"Bvmac : le Conseil d\u2019administration proroge de six mois le mandat de Jean-Claude Ngbwa"},"content":{"rendered":"<p>La pr\u00e9sente d\u00e9cision a \u00e9t\u00e9 adopt\u00e9e lors de la session ordinaire du conseil d\u2019administration de la Bourse des valeurs mobili\u00e8re de l\u2019Afrique Centrale (Bvmac), que pr\u00e9sidait Henri-Claude Oyima (pr\u00e9sident statutaire), le 9 d\u00e9cembre 2020. L\u2019une des r\u00e9solutions fortes de cette rencontre \u00e9tait la prorogation de six mois \u00e0 partir du 1<sup>er<\/sup>\u00a0janvier 2021 du mandant de son actuel Directeur g\u00e9n\u00e9ral Jean-Claude Ngbwa. Mandant qui s\u2019achevait en principe en janvier 2021. Cette d\u00e9cision exceptionnelle du Conseil a \u00e9t\u00e9 prise dans l\u2019attente de l\u2019aboutissement du processus de recrutement d\u2019un nouveau Directeur g\u00e9n\u00e9ral.<\/p>\n<p><strong>Lire aussi<\/strong> : <a href=\"https:\/\/ecomatin.net\/covid-19-la-capitalisation-boursiere-de-la-bvmac-en-baisse\/\">Covid-19\u00a0: la capitalisation boursi\u00e8re de la Bvmac en baisse<\/a><\/p>\n<p>Depuis sa nomination en juillet 2019, Jean-Claude Ngbwa entrevoyait alors un plan assez ambitieux \u00e0 la t\u00eate de la Bvmac. Notamment en ce qui concerne la capitalisation boursi\u00e8re, qui pr\u00e9voyait atteindre d\u2019ici la fin de l\u2019ann\u00e9e une capitalisation minimum de 1200 milliards de FCFA, sur le compartiment des actions avec l\u2019hypoth\u00e8se de six soci\u00e9t\u00e9s cot\u00e9es en raison d\u2019une par pays. \u00abNous envisageons \u00e9galement d\u2019atteindre une capitalisation minimum de 1000 milliards de FCFA\u00a0 sur le march\u00e9 des obligations toujours au cours de cette ann\u00e9e 2020\u00a0\u00bb soulignait le DG de la Bvmac. Si l\u2019on s\u2019en tient aux chiffres de juillet 2020, le compartiment des titres de la bourse des valeurs mobili\u00e8re de l\u2019Afrique centrale, pr\u00e9sentait une capitalisation de 149.9 milliards de FCFA et 748.7 Milliards de FCFA sur le march\u00e9 des obligations. Ce qui est loin des objectifs envisag\u00e9s au d\u00e9part.<\/p>\n<p>Autre actualit\u00e9 forte issue de cette rencontre virtuelle, concerne la capitalisation boursi\u00e8re et les transactions boursi\u00e8res. \u00ab\u00a0Examinant les performances boursi\u00e8res, le conseil d\u2019administration, \u00e0 noter un l\u00e9ger recul de la capitalisation boursi\u00e8re du compartiment des actions sur les douze derniers mois et une diminution du volume global des transactions boursi\u00e8res. A cet effet, la Direction G\u00e9n\u00e9rale a \u00e9t\u00e9 instruite \u00e0 mettre en \u0153uvre toutes les diligences appropri\u00e9es pour la dynamisation du march\u00e9, notamment sa participation de cession sur le march\u00e9 financier r\u00e9gionale des actions des Etats dans certaines soci\u00e9t\u00e9s relevant de leur portefeuille. Par ailleurs, le conseil d\u2019administration a pris connaissances du rachat par l\u2019Etat du Congo d\u2019une partie des titres de son emprunt obligatoire \u00abEOCG 6.5% net 2016-2021\u00a0\u00bb indique le communiqu\u00e9 final de la Bvmac \u00e0 l\u2019issue des travaux.\u00a0<\/p>\n<p><strong>Lire aussi<\/strong> : \u00a0<a href=\"https:\/\/ecomatin.net\/cemac-lactionnaire-majoritaire-de-la-bvmac-met-en-vente-ses-parts\/\">Cemac\u00a0: l\u2019actionnaire majoritaire de la Bvmac\u00a0met en vente ses parts<\/a><\/p>\n<p>Toujours au courant des travaux, le conseil \u00e0 adopter le budget de l\u2019exercice 2021 de la Bvmac. Budget dont le montant n\u2019a pas encore \u00e9t\u00e9 relev\u00e9. Par ailleurs, le bureau des d\u00e9cideurs a aussi proc\u00e9d\u00e9 \u00e0 la nomination du Directeur du contr\u00f4le interne et de la conformit\u00e9.<\/p>\n<p>Auteur: Amina MALLOUM<br \/>\n<a href=\"https:\/\/ecomatin.net\/bvmac-le-conseil-dadministration-proroge-de-six-mois-le-mandat-de-jean-claude-ngbwa\/\">Cliquez ici pour lire l&rsquo;article depuis sa source.<\/a><\/p>\n","protected":false},"excerpt":{"rendered":"<p>La pr\u00e9sente d\u00e9cision a \u00e9t\u00e9 adopt\u00e9e lors de la session ordinaire du conseil d\u2019administration de la Bourse des valeurs mobili\u00e8re de l\u2019Afrique Centrale (Bvmac), que pr\u00e9sidait Henri-Claude Oyima (pr\u00e9sident statutaire), le 9 d\u00e9cembre 2020. L\u2019une des r\u00e9solutions fortes de cette rencontre \u00e9tait la prorogation de six mois \u00e0 partir du 1er\u00a0janvier 2021 du mandant de [&hellip;]<\/p>\n","protected":false},"author":1969,"featured_media":0,"comment_status":"closed","ping_status":"closed","sticky":false,"template":"","format":"standard","meta":{"fifu_image_url":"","fifu_image_alt":"","footnotes":""},"categories":[82,78],"tags":[],"class_list":["post-107578","post","type-post","status-publish","format-standard","hentry","category-cameroun","category-economie"],"_links":{"self":[{"href":"https:\/\/linitiative.ca\/International\/wp-json\/wp\/v2\/posts\/107578","targetHints":{"allow":["GET"]}}],"collection":[{"href":"https:\/\/linitiative.ca\/International\/wp-json\/wp\/v2\/posts"}],"about":[{"href":"https:\/\/linitiative.ca\/International\/wp-json\/wp\/v2\/types\/post"}],"author":[{"embeddable":true,"href":"https:\/\/linitiative.ca\/International\/wp-json\/wp\/v2\/users\/1969"}],"replies":[{"embeddable":true,"href":"https:\/\/linitiative.ca\/International\/wp-json\/wp\/v2\/comments?post=107578"}],"version-history":[{"count":0,"href":"https:\/\/linitiative.ca\/International\/wp-json\/wp\/v2\/posts\/107578\/revisions"}],"wp:attachment":[{"href":"https:\/\/linitiative.ca\/International\/wp-json\/wp\/v2\/media?parent=107578"}],"wp:term":[{"taxonomy":"category","embeddable":true,"href":"https:\/\/linitiative.ca\/International\/wp-json\/wp\/v2\/categories?post=107578"},{"taxonomy":"post_tag","embeddable":true,"href":"https:\/\/linitiative.ca\/International\/wp-json\/wp\/v2\/tags?post=107578"}],"curies":[{"name":"wp","href":"https:\/\/api.w.org\/{rel}","templated":true}]}}