{"id":107583,"date":"2020-12-20T03:56:22","date_gmt":"2020-12-20T08:56:22","guid":{"rendered":"https:\/\/linitiative.ca\/International\/neuvieme-rapport-annuel-looking-further-with-ford-trends-report-voici-comment-les-consommateurs-sadaptent-a-la-vie-pendant-la-pandemie\/"},"modified":"2020-12-20T03:56:22","modified_gmt":"2020-12-20T08:56:22","slug":"neuvieme-rapport-annuel-looking-further-with-ford-trends-report-voici-comment-les-consommateurs-sadaptent-a-la-vie-pendant-la-pandemie","status":"publish","type":"post","link":"https:\/\/linitiative.ca\/International\/neuvieme-rapport-annuel-looking-further-with-ford-trends-report-voici-comment-les-consommateurs-sadaptent-a-la-vie-pendant-la-pandemie\/","title":{"rendered":"Neuvi\u00e8me rapport annuel \u00abLooking Further with Ford Trends Report\u00bb : Voici comment les consommateurs s\u2019adaptent \u00e0 la vie pendant la pand\u00e9mie"},"content":{"rendered":"<p><img decoding=\"async\" class=\"post_layout_5_img\" src=\"http:\/\/aujourdhui.ma\/wp-content\/uploads\/2020\/12\/FordTrends2020-Looking-Further-with-Ford-Trends-Report.jpg\" alt=\"Neuvi&#xE8;me rapport annuel &#xAB;Looking Further with Ford Trends Report&#xBB; : Voici comment les consommateurs s&#x2019;adaptent &#xE0; la vie pendant la pand&#xE9;mie\"\/><\/p>\n<p>Selon le neuvi\u00e8me rapport annuel \u00abLooking Further with Ford Trends Report\u00bb, la pand\u00e9mie mondiale de Covid-19 a r\u00e9v\u00e8le \u00e0 quel point les humains peuvent \u00eatre r\u00e9sistants pour trouver des moyens de faire face et de s\u2019adapter.<span id=\"more-363375\"\/><\/p>\n<p>La Covid-19 a provoqu\u00e9 un chaos \u00e9conomique, politique et \u00e9motionnel, mettant \u00e0 l\u2019\u00e9preuve les limites des individus, des familles, des syst\u00e8mes de sant\u00e9 et de secteurs entiers de la soci\u00e9t\u00e9. Le neuvi\u00e8me rapport explore la mani\u00e8re dont les consommateurs s\u2019adaptent \u00e0 la vie pendant la pand\u00e9mie.<\/p>\n<p><span class=\"c5\"><strong>1 Les jeunes g\u00e9n\u00e9rations ont eu plus de mal que leurs a\u00een\u00e9s<\/strong><\/span><\/p>\n<p><a href=\"https:http:\/\/aujourdhui.ma\/wp-content\/uploads\/2020\/12\/1-Time-To-Escape.jpg\"><img decoding=\"async\" loading=\"lazy\" class=\"size-full wp-image-363377 aligncenter\" src=\"http:\/\/aujourdhui.ma\/wp-content\/uploads\/2020\/12\/1-Time-To-Escape.jpg\" alt=\"\" width=\"400\" height=\"400\" srcset=\"http:\/\/aujourdhui.ma\/wp-content\/uploads\/2020\/12\/1-Time-To-Escape.jpg 400w, \/\/aujourdhui.ma\/wp-content\/uploads\/2020\/12\/1-Time-To-Escape-300x300.jpg 300w, \/\/aujourdhui.ma\/wp-content\/uploads\/2020\/12\/1-Time-To-Escape-150x150.jpg 150w, \/\/aujourdhui.ma\/wp-content\/uploads\/2020\/12\/1-Time-To-Escape-36x36.jpg 36w\" sizes=\"auto, (max-width: 400px) 100vw, 400px\"\/><\/a><\/p>\n<p>Dans une enqu\u00eate mondiale portant sur 14 pays, 69% des personnes interrog\u00e9es se disent d\u00e9pass\u00e9es par les changements qu\u2019elles voient se produire dans le monde. Lorsqu\u2019on leur demande dans quelle mesure elles se sont adapt\u00e9es aux changements survenus pendant la pand\u00e9mie, 53% des personnes interrog\u00e9es d\u00e9clarent que l\u2019adaptation a \u00e9t\u00e9 \u00abplus difficile que je ne l\u2019avais imagin\u00e9e\u00bb, tandis que 47% disent qu\u2019elle a \u00e9t\u00e9 \u00abplus facile que je ne l\u2019avais imagin\u00e9e\u00bb. Les jeunes g\u00e9n\u00e9rations ont eu plus de mal que leurs a\u00een\u00e9s, 63% des membres de la g\u00e9n\u00e9ration Z d\u00e9clarent que l\u2019adaptation a \u00e9t\u00e9 plus difficile qu\u2019ils ne l\u2019imaginaient, 42% des baby-boomers qui disent la m\u00eame chose.<\/p>\n<p><span class=\"c5\"><strong>2 Points de pression<\/strong><\/span><\/p>\n<p><a href=\"https:http:\/\/aujourdhui.ma\/wp-content\/uploads\/2020\/12\/2-Pressure-Points.jpg\"><img decoding=\"async\" loading=\"lazy\" class=\"size-full wp-image-363378 aligncenter\" src=\"http:\/\/aujourdhui.ma\/wp-content\/uploads\/2020\/12\/2-Pressure-Points.jpg\" alt=\"\" width=\"400\" height=\"400\" srcset=\"http:\/\/aujourdhui.ma\/wp-content\/uploads\/2020\/12\/2-Pressure-Points.jpg 400w, \/\/aujourdhui.ma\/wp-content\/uploads\/2020\/12\/2-Pressure-Points-300x300.jpg 300w, \/\/aujourdhui.ma\/wp-content\/uploads\/2020\/12\/2-Pressure-Points-150x150.jpg 150w, \/\/aujourdhui.ma\/wp-content\/uploads\/2020\/12\/2-Pressure-Points-36x36.jpg 36w\" sizes=\"auto, (max-width: 400px) 100vw, 400px\"\/><\/a><\/p>\n<p>Partout dans le monde, l\u2019anxi\u00e9t\u00e9 est grande, aliment\u00e9e par la crainte de contracter la Covid-19 et par les inqui\u00e9tudes quant \u00e0 l\u2019impact de la pand\u00e9mie sur les communaut\u00e9s, l\u2019emploi, l\u2019\u00e9ducation, etc. 63% des adultes dans le monde disent se sentir plus stress\u00e9s qu\u2019il y a un an, et 4 sur 5 disent qu\u2019ils devraient mieux s\u2019occuper de leur bien-\u00eatre \u00e9motionnel. Conscients des implications de la pand\u00e9mie sur la sant\u00e9 mentale, les gens trouvent des moyens innovants pour y faire face et se connecter.<\/p>\n<p><span class=\"c5\"><strong>3 Le besoin de compagnie<\/strong><\/span><\/p>\n<p><a href=\"https:http:\/\/aujourdhui.ma\/wp-content\/uploads\/2020\/12\/3-The-Company.jpg\"><img decoding=\"async\" loading=\"lazy\" class=\"size-full wp-image-363379 aligncenter\" src=\"http:\/\/aujourdhui.ma\/wp-content\/uploads\/2020\/12\/3-The-Company.jpg\" alt=\"\" width=\"400\" height=\"400\" srcset=\"http:\/\/aujourdhui.ma\/wp-content\/uploads\/2020\/12\/3-The-Company.jpg 400w, \/\/aujourdhui.ma\/wp-content\/uploads\/2020\/12\/3-The-Company-300x300.jpg 300w, \/\/aujourdhui.ma\/wp-content\/uploads\/2020\/12\/3-The-Company-150x150.jpg 150w, \/\/aujourdhui.ma\/wp-content\/uploads\/2020\/12\/3-The-Company-36x36.jpg 36w\" sizes=\"auto, (max-width: 400px) 100vw, 400px\"\/><\/a><\/p>\n<p>La pand\u00e9mie a mis en lumi\u00e8re le besoin de compagnie des consommateurs et a remodel\u00e9 leur sens de la famille. La solitude est omnipr\u00e9sente dans le monde : une personne sur deux affirme se sentir r\u00e9guli\u00e8rement seule. Les jeunes g\u00e9n\u00e9rations la ressentent de mani\u00e8re tr\u00e8s aigu\u00eb : les jeunes g\u00e9n\u00e9rations sont pr\u00e8s de deux fois plus nombreuses \u00e0 se sentir r\u00e9guli\u00e8rement plus seules que les baby-boomers (64% contre 34%).<\/p>\n<p><span class=\"c5\"><strong>4 Combler le foss\u00e9 des in\u00e9galit\u00e9s<\/strong><\/span><\/p>\n<p><a href=\"https:http:\/\/aujourdhui.ma\/wp-content\/uploads\/2020\/12\/4-Minding-The-Gap.jpg\"><img decoding=\"async\" loading=\"lazy\" class=\"size-full wp-image-363380 aligncenter\" src=\"http:\/\/aujourdhui.ma\/wp-content\/uploads\/2020\/12\/4-Minding-The-Gap.jpg\" alt=\"\" width=\"400\" height=\"400\" srcset=\"http:\/\/aujourdhui.ma\/wp-content\/uploads\/2020\/12\/4-Minding-The-Gap.jpg 400w, \/\/aujourdhui.ma\/wp-content\/uploads\/2020\/12\/4-Minding-The-Gap-300x300.jpg 300w, \/\/aujourdhui.ma\/wp-content\/uploads\/2020\/12\/4-Minding-The-Gap-150x150.jpg 150w, \/\/aujourdhui.ma\/wp-content\/uploads\/2020\/12\/4-Minding-The-Gap-36x36.jpg 36w\" sizes=\"auto, (max-width: 400px) 100vw, 400px\"\/><\/a><\/p>\n<p>A l\u2019\u00e9chelle mondiale, les in\u00e9galit\u00e9s et les injustices sont nombreuses, d\u2019autant plus que la pand\u00e9mie a eu un impact disproportionn\u00e9 sur les communaut\u00e9s \u00e0 faibles revenus, les minorit\u00e9s ethniques et les femmes. Les consommateurs \u00e9tant de plus en plus conscients de ce foss\u00e9, les marques se font plus actives et plus entreprenantes. 76% des adultes du monde entier disent attendre des marques qu\u2019elles prennent position sur les questions sociales, et 75% d\u2019entre eux pensent que les marques actuelles essaient de faire ce qu\u2019il faut.<\/p>\n<p><strong><span class=\"c5\">5 Le bon achat au bon moment<\/span><\/strong><\/p>\n<p><a href=\"https:http:\/\/aujourdhui.ma\/wp-content\/uploads\/2020\/12\/5-Good-Buy-21trends.jpg\"><img decoding=\"async\" loading=\"lazy\" class=\"size-full wp-image-363381 aligncenter\" src=\"http:\/\/aujourdhui.ma\/wp-content\/uploads\/2020\/12\/5-Good-Buy-21trends.jpg\" alt=\"\" width=\"400\" height=\"400\" srcset=\"http:\/\/aujourdhui.ma\/wp-content\/uploads\/2020\/12\/5-Good-Buy-21trends.jpg 400w, \/\/aujourdhui.ma\/wp-content\/uploads\/2020\/12\/5-Good-Buy-21trends-300x300.jpg 300w, \/\/aujourdhui.ma\/wp-content\/uploads\/2020\/12\/5-Good-Buy-21trends-150x150.jpg 150w, \/\/aujourdhui.ma\/wp-content\/uploads\/2020\/12\/5-Good-Buy-21trends-36x36.jpg 36w\" sizes=\"auto, (max-width: 400px) 100vw, 400px\"\/><\/a><\/p>\n<p>Dans le contexte de la pand\u00e9mie, la fa\u00e7on dont nous achetons s\u2019est transform\u00e9e. Les entreprises, grandes et petites, s\u2019adaptent \u00e0 une vitesse fulgurante et de nombreux consommateurs adoptent et appr\u00e9cient la nouvelle normalit\u00e9. 75% des adultes du monde entier disent appr\u00e9cier la fa\u00e7on dont les entreprises ont am\u00e9lior\u00e9 l\u2019exp\u00e9rience d\u2019achat depuis le d\u00e9but de la pand\u00e9mie, et 41% disent ne pas vouloir revenir \u00e0 la fa\u00e7on dont ils faisaient leurs achats avant la pand\u00e9mie.<\/p>\n<div class=\"base-box mom_box_sc_custom mom_box_sc clear c6\" readability=\"22\">\n<p><span class=\"c5\"><strong>6 Toujours plus de mobilit\u00e9s<\/strong><\/span><\/p>\n<p><a href=\"https:http:\/\/aujourdhui.ma\/wp-content\/uploads\/2020\/12\/6-Traffic.jpg\"><img decoding=\"async\" loading=\"lazy\" class=\"size-full wp-image-363382 aligncenter\" src=\"http:\/\/aujourdhui.ma\/wp-content\/uploads\/2020\/12\/6-Traffic.jpg\" alt=\"\" width=\"400\" height=\"400\" srcset=\"http:\/\/aujourdhui.ma\/wp-content\/uploads\/2020\/12\/6-Traffic.jpg 400w, \/\/aujourdhui.ma\/wp-content\/uploads\/2020\/12\/6-Traffic-300x300.jpg 300w, \/\/aujourdhui.ma\/wp-content\/uploads\/2020\/12\/6-Traffic-150x150.jpg 150w, \/\/aujourdhui.ma\/wp-content\/uploads\/2020\/12\/6-Traffic-36x36.jpg 36w\" sizes=\"auto, (max-width: 400px) 100vw, 400px\"\/><\/a><\/p>\n<p>Les ventes de v\u00e9los ont grimp\u00e9 en fl\u00e8che et les villes ont adapt\u00e9 les infrastructures pour faire de la place aux cyclistes. Les ventes de voitures ont explos\u00e9 car les gens cherchent \u00e0 se sentir en s\u00e9curit\u00e9 en sachant qu\u2019ils peuvent contr\u00f4ler leur environnement. Et la planification urbaine intelligente acc\u00e9l\u00e8re la mise en place d\u2019une conduite autonome. 67% des adultes du monde entier se disent \u00aboptimistes quant \u00e0 l\u2019avenir des v\u00e9hicules autonomes\u00bb et 68% des parents d\u00e9clarent qu\u2019ils pr\u00e9f\u00e8rent voir leurs enfants rouler dans une voiture autonome plut\u00f4t qu\u2019avec un \u00e9tranger.<\/p>\n<p><span class=\"c5\"><strong>7 Soutenir un environnement durable<\/strong><\/span><\/p>\n<p><a href=\"https:http:\/\/aujourdhui.ma\/wp-content\/uploads\/2020\/12\/7-Sustainabilty.jpg\"><img decoding=\"async\" loading=\"lazy\" class=\"size-full wp-image-363383 aligncenter\" src=\"http:\/\/aujourdhui.ma\/wp-content\/uploads\/2020\/12\/7-Sustainabilty.jpg\" alt=\"\" width=\"400\" height=\"400\" srcset=\"http:\/\/aujourdhui.ma\/wp-content\/uploads\/2020\/12\/7-Sustainabilty.jpg 400w, \/\/aujourdhui.ma\/wp-content\/uploads\/2020\/12\/7-Sustainabilty-300x300.jpg 300w, \/\/aujourdhui.ma\/wp-content\/uploads\/2020\/12\/7-Sustainabilty-150x150.jpg 150w, \/\/aujourdhui.ma\/wp-content\/uploads\/2020\/12\/7-Sustainabilty-36x36.jpg 36w\" sizes=\"auto, (max-width: 400px) 100vw, 400px\"\/><\/a><\/p>\n<p>Dans les premiers jours de la pand\u00e9mie, la qualit\u00e9 de l\u2019air est apparue comme un possible point positif du verrouillage mondial, mais cet optimisme a rapidement diminu\u00e9 lorsque le monde s\u2019est repli\u00e9 sur le plastique et d\u2019autres produits jetables. Les jeunes g\u00e9n\u00e9rations sont particuli\u00e8rement concern\u00e9es : 46% des jeunes du monde entier affirment que la pand\u00e9mie nous a rendus plus d\u00e9pensiers et 47% pensent qu\u2019\u00e0 long terme, la pand\u00e9mie aura un impact n\u00e9gatif sur l\u2019environnement.<\/p>\n<\/div>\n<p>Auteur: ALM<br \/>\n<a href=\"https:\/\/aujourdhui.ma\/automobile\/neuvieme-rapport-annuel-looking-further-with-ford-trends-report-voici-comment-les-consommateurs-sadaptent-a-la-vie-pendant-la-pandemie\">Cliquez ici pour lire l&rsquo;article depuis sa source.<\/a><\/p>\n","protected":false},"excerpt":{"rendered":"<p>Selon le neuvi\u00e8me rapport annuel \u00abLooking Further with Ford Trends Report\u00bb, la pand\u00e9mie mondiale de Covid-19 a r\u00e9v\u00e8le \u00e0 quel point les humains peuvent \u00eatre r\u00e9sistants pour trouver des moyens de faire face et de s\u2019adapter. La Covid-19 a provoqu\u00e9 un chaos \u00e9conomique, politique et \u00e9motionnel, mettant \u00e0 l\u2019\u00e9preuve les limites des individus, des familles, [&hellip;]<\/p>\n","protected":false},"author":1759,"featured_media":0,"comment_status":"closed","ping_status":"closed","sticky":false,"template":"","format":"standard","meta":{"fifu_image_url":"http:\/\/aujourdhui.ma\/wp-content\/uploads\/2020\/12\/FordTrends2020-Looking-Further-with-Ford-Trends-Report.jpg","fifu_image_alt":"Neuvi\u00e8me rapport annuel \u00abLooking Further with Ford Trends Report\u00bb : Voici comment les consommateurs s\u2019adaptent \u00e0 la vie pendant la pand\u00e9mie","footnotes":""},"categories":[73,54],"tags":[],"class_list":["post-107583","post","type-post","status-publish","format-standard","hentry","category-actualite","category-maroc"],"_links":{"self":[{"href":"https:\/\/linitiative.ca\/International\/wp-json\/wp\/v2\/posts\/107583","targetHints":{"allow":["GET"]}}],"collection":[{"href":"https:\/\/linitiative.ca\/International\/wp-json\/wp\/v2\/posts"}],"about":[{"href":"https:\/\/linitiative.ca\/International\/wp-json\/wp\/v2\/types\/post"}],"author":[{"embeddable":true,"href":"https:\/\/linitiative.ca\/International\/wp-json\/wp\/v2\/users\/1759"}],"replies":[{"embeddable":true,"href":"https:\/\/linitiative.ca\/International\/wp-json\/wp\/v2\/comments?post=107583"}],"version-history":[{"count":0,"href":"https:\/\/linitiative.ca\/International\/wp-json\/wp\/v2\/posts\/107583\/revisions"}],"wp:attachment":[{"href":"https:\/\/linitiative.ca\/International\/wp-json\/wp\/v2\/media?parent=107583"}],"wp:term":[{"taxonomy":"category","embeddable":true,"href":"https:\/\/linitiative.ca\/International\/wp-json\/wp\/v2\/categories?post=107583"},{"taxonomy":"post_tag","embeddable":true,"href":"https:\/\/linitiative.ca\/International\/wp-json\/wp\/v2\/tags?post=107583"}],"curies":[{"name":"wp","href":"https:\/\/api.w.org\/{rel}","templated":true}]}}