{"id":107589,"date":"2020-12-20T09:39:23","date_gmt":"2020-12-20T14:39:23","guid":{"rendered":"https:\/\/linitiative.ca\/International\/%ef%bb%bflancement-du-portail-national-dappui-a-lentrepreneuriat\/"},"modified":"2020-12-20T09:39:23","modified_gmt":"2020-12-20T14:39:23","slug":"%ef%bb%bflancement-du-portail-national-dappui-a-lentrepreneuriat","status":"publish","type":"post","link":"https:\/\/linitiative.ca\/International\/%ef%bb%bflancement-du-portail-national-dappui-a-lentrepreneuriat\/","title":{"rendered":"\ufeffLancement du \u00abPortail national d\u2019appui \u00e0 l\u2019entrepreneuriat\u00bb"},"content":{"rendered":"<p class=\"has-text-color has-vivid-red-color c2\"><strong>Minist\u00e8re de l\u2019\u00c9conomie, des finances et de la r\u00e9forme de l\u2019administration<\/strong><\/p>\n<p class=\"has-text-color c3\"><strong>Le minist\u00e8re de l\u2019\u00c9conomie, des finances et de la r\u00e9forme de l\u2019administration (MEFRA) a lanc\u00e9, jeudi \u00e0 Rabat, le \u00ab\u00a0Portail national d\u2019appui \u00e0 l\u2019entrepreneuriat\u00a0\u00bb, regroupant l\u2019ensemble des offres d\u2019appui public aux entrepreneurs.<\/strong><\/p>\n<p>Ce portail, qui se veut un \u00ab\u00a0guichet unique\u00a0\u00bb des instruments d\u2019appui public d\u00e9di\u00e9s \u00e0 l\u2019entreprise, a pour objet principal de renforcer la visibilit\u00e9 et la communication, dans les diff\u00e9rentes r\u00e9gions du Royaume, autour des instruments de soutien \u00e0 l\u2019entreprise, particuli\u00e8rement aupr\u00e8s des porteurs de projets, des entrepreneurs et des autres parties prenantes de l\u2019\u00e9cosyst\u00e8me entrepreneurial.<\/p>\n<p>Le portail \u00ab\u00a0www.almoukawala.gov.ma\u00a0\u00bb qui regroupe et consolide les liens \u00e9lectroniques des diff\u00e9rentes institutions et plateformes d\u00e9di\u00e9es \u00e0 l\u2019\u00e9cosyst\u00e8me entrepreneurial, offre \u00e9galement une multitude d\u2019informations et fonctionnalit\u00e9s sp\u00e9cialement con\u00e7ues pour l\u2019entrepreneur telles que le calendrier des \u00e9v\u00e8nements majeurs li\u00e9s \u00e0 l\u2019entreprenariat, l\u2019actualit\u00e9 \u00e9conomique, la foire aux questions et le glossaire de l\u2019entreprenariat.<\/p>\n<p>S\u2019exprimant lors d\u2019un webinaire consacr\u00e9 au lancement de cette nouvelle plateforme, l\u2019adjoint au directeur charg\u00e9 du p\u00f4le financier \u00e0 la Direction du tr\u00e9sor et des finances ext\u00e9rieures du Minist\u00e8re, Nouaman Al Aissami a indiqu\u00e9 que la conception et la mise en \u0153uvre de ce projet est le fruit de la collaboration et la mobilisation des diff\u00e9rents partenaires publics et parties prenantes, actifs dans le domaine de l\u2019entrepreneuriat, notamment la coop\u00e9ration technique allemande \u2013 GIZ, qui a appuy\u00e9 le minist\u00e8re dans la r\u00e9alisation de ce portail.<\/p>\n<p>Cette plateforme s\u2019inscrit dans le cadre de la dynamique englobant l\u2019ensemble des r\u00e9formes en mati\u00e8re d\u2019appui \u00e0 l\u2019entrepreneuriat engag\u00e9es durant les derni\u00e8res ann\u00e9es, a-t-il fait observer, mettant en avant les nombreux programmes mis en place ainsi que les efforts publics d\u00e9ploy\u00e9s en mati\u00e8re de soutien \u00e0 l\u2019entrepreneuriat.<\/p>\n<p>Cette nouvelle plateforme vient ainsi regrouper et pr\u00e9senter, sous un format simple et structur\u00e9, l\u2019ensemble des offres d\u2019appui public aux entrepreneurs y compris, les subventions, les garanties, les pr\u00eats, les avantages fiscaux et les proc\u00e9dures douani\u00e8res, a-t-il pr\u00e9cis\u00e9.<\/p>\n<p>Pour sa part, le chef de division du financement sectoriel et de l\u2019inclusion financi\u00e8re au minist\u00e8re, Hicham Talby a relev\u00e9 que ce portail vise principalement \u00e0 consolider et regrouper l\u2019ensemble des instruments d\u2019appui et de financement des entreprises, dans l\u2019objectif de contribuer \u00e0 faciliter la prise de d\u00e9cision relative \u00e0 l\u2019investissement pour les porteurs de projets.<\/p>\n<p>A travers un moteur de recherche simple, ce nouveau dispositif permet aux utilisateurs d\u2019acc\u00e9der \u00e0 une information pertinente, moyennant une s\u00e9rie de questionnements, conform\u00e9ment aux besoins sp\u00e9cifiques et aux profils de chaque porteur de projet. Il contribue aussi \u00e0 les orienter face \u00e0 la multiplicit\u00e9 d\u2019informations et d\u2019instruments mis \u00e0 leur disposition, a-t-il ajout\u00e9.<\/p>\n<p>De son c\u00f4t\u00e9, Angelika Frei-Oldenburg, conseill\u00e8re technique principale du programme d\u2019Appui aux tr\u00e8s petites, petites et moyennes entreprises (TAM III) de la coop\u00e9ration technique allemande \u2013 GIZ, a fait \u00e9tat des nombreuses r\u00e9formes et strat\u00e9gies nationales soutenues dans le cadre du projet TAM III, ayant pour objectif commun de renforcer les services d\u2019accompagnement et d\u2019am\u00e9liorer l\u2019acc\u00e8s au financement des TPME marocaines.<\/p>\n<p>C\u2019est dans ce cadre que le programme TAM III a soutenu la mise en place de ce Portail, qui a \u00e9t\u00e9 con\u00e7u en se basant sur une d\u00e9marche \u00ab\u00a0participative\u00a0\u00bb incluant l\u2019ensemble des acteurs concern\u00e9s par l\u2019entrepreneuriat, a-t-elle soulign\u00e9, relevant que ce portail s\u2019adresse aux diff\u00e9rentes cat\u00e9gories d\u2019entreprises, dont notamment les coop\u00e9ratives, en mettant \u00e0 leur disposition un recueil de services d\u2019appui, compil\u00e9 et structur\u00e9 par cat\u00e9gories.<\/p>\n<p>Le webinaire de lancement de ce portail, qui s\u2019inscrit dans la continuit\u00e9 de la mise en \u0153uvre des actions de promotion de l\u2019investissement priv\u00e9 et de soutien \u00e0 l\u2019entreprenariat notamment, le \u00ab\u00a0Programme int\u00e9gr\u00e9 d\u2019appui et de financement de l\u2019entrepreneuriat\u00a0\u00bb, a \u00e9t\u00e9 l\u2019occasion \u00e9galement de diffuser l\u2019application mobile du portail (Almoukawala) t\u00e9l\u00e9chargeable sur Play Store (Android) et App Store (IOS) et de pr\u00e9senter l\u2019\u00e9dition 2020 du \u00ab\u00a0Recueil annuel des instruments d\u2019appui \u00e0 l\u2019entreprenariat\u00a0\u00bb, ainsi que de la capsule institutionnelle du Portail.<\/p>\n<p>Auteur: M&rsquo;hammed rahal<br \/>\n<a href=\"http:\/\/albayane.press.ma\/%EF%BB%BFlancement-du-portail-national-dappui-a-lentrepreneuriat.html\">Cliquez ici pour lire l&rsquo;article depuis sa source.<\/a><\/p>\n","protected":false},"excerpt":{"rendered":"<p>Minist\u00e8re de l\u2019\u00c9conomie, des finances et de la r\u00e9forme de l\u2019administration Le minist\u00e8re de l\u2019\u00c9conomie, des finances et de la r\u00e9forme de l\u2019administration (MEFRA) a lanc\u00e9, jeudi \u00e0 Rabat, le \u00ab\u00a0Portail national d\u2019appui \u00e0 l\u2019entrepreneuriat\u00a0\u00bb, regroupant l\u2019ensemble des offres d\u2019appui public aux entrepreneurs. Ce portail, qui se veut un \u00ab\u00a0guichet unique\u00a0\u00bb des instruments d\u2019appui public [&hellip;]<\/p>\n","protected":false},"author":1760,"featured_media":0,"comment_status":"closed","ping_status":"closed","sticky":false,"template":"","format":"standard","meta":{"fifu_image_url":"","fifu_image_alt":"","footnotes":""},"categories":[73,54],"tags":[],"class_list":["post-107589","post","type-post","status-publish","format-standard","hentry","category-actualite","category-maroc"],"_links":{"self":[{"href":"https:\/\/linitiative.ca\/International\/wp-json\/wp\/v2\/posts\/107589","targetHints":{"allow":["GET"]}}],"collection":[{"href":"https:\/\/linitiative.ca\/International\/wp-json\/wp\/v2\/posts"}],"about":[{"href":"https:\/\/linitiative.ca\/International\/wp-json\/wp\/v2\/types\/post"}],"author":[{"embeddable":true,"href":"https:\/\/linitiative.ca\/International\/wp-json\/wp\/v2\/users\/1760"}],"replies":[{"embeddable":true,"href":"https:\/\/linitiative.ca\/International\/wp-json\/wp\/v2\/comments?post=107589"}],"version-history":[{"count":0,"href":"https:\/\/linitiative.ca\/International\/wp-json\/wp\/v2\/posts\/107589\/revisions"}],"wp:attachment":[{"href":"https:\/\/linitiative.ca\/International\/wp-json\/wp\/v2\/media?parent=107589"}],"wp:term":[{"taxonomy":"category","embeddable":true,"href":"https:\/\/linitiative.ca\/International\/wp-json\/wp\/v2\/categories?post=107589"},{"taxonomy":"post_tag","embeddable":true,"href":"https:\/\/linitiative.ca\/International\/wp-json\/wp\/v2\/tags?post=107589"}],"curies":[{"name":"wp","href":"https:\/\/api.w.org\/{rel}","templated":true}]}}