{"id":107614,"date":"2020-12-20T10:35:00","date_gmt":"2020-12-20T15:35:00","guid":{"rendered":"https:\/\/linitiative.ca\/International\/aerodrome-de-beni-abbes-a-bechar-23-milliards-de-cts-partis-en-fumee\/"},"modified":"2020-12-20T10:35:00","modified_gmt":"2020-12-20T15:35:00","slug":"aerodrome-de-beni-abbes-a-bechar-23-milliards-de-cts-partis-en-fumee","status":"publish","type":"post","link":"https:\/\/linitiative.ca\/International\/aerodrome-de-beni-abbes-a-bechar-23-milliards-de-cts-partis-en-fumee\/","title":{"rendered":"AERODROME DE BENI ABBES  A BECHAR : 23 milliards de cts partis en fum\u00e9e"},"content":{"rendered":"<p><br id=\"sep_para_1\" class=\"sep_para access\"\/><\/p>\n<div id=\"para_1\" class=\"para_40001632 resize\">\n<div class=\"photo shadow left\"><a href=\"javascript:void(0)\" rel=\"https:\/\/www.reflexiondz.net\/photo\/art\/grande\/52470855-40001632.jpg?v=1608480471&amp;ibox\" title=\"AERODROME DE BENI ABBES A BECHAR : 23 milliards de cts partis en fum\u00e9e\"><img decoding=\"async\" class=\"responsive c9\" src=\"https:\/\/www.reflexiondz.net\/photo\/art\/grande\/52470855-40001632.jpg?v=1608480471\" alt=\"AERODROME DE BENI ABBES A BECHAR : 23 milliards de cts partis en fum\u00e9e\" title=\"AERODROME DE BENI ABBES A BECHAR : 23 milliards de cts partis en fum\u00e9e\"\/><img decoding=\"async\" class=\"not-responsive\" src=\"https:\/\/www.reflexiondz.net\/photo\/art\/default\/52470855-40001632.jpg?v=1608480472\" alt=\"AERODROME DE BENI ABBES A BECHAR : 23 milliards de cts partis en fum\u00e9e\" title=\"AERODROME DE BENI ABBES A BECHAR : 23 milliards de cts partis en fum\u00e9e\"\/><\/a><\/div>\n<div class=\"texte access firstletter\">Avec l\u2019ouverture dans cette localit\u00e9\u00a0 il y a deux ans d\u2019un Institut r\u00e9gional de formation\u00a0 de personnels d\u2019h\u00f4tellerie ainsi que la r\u00e9ouverture l\u2019an dernier de l\u2019h\u00f4tel Rym\u00a0 de la cha\u00eene h\u00f4teli\u00e8re El-Aurassi, un h\u00f4tel\u00a0 4 \u00e9toiles r\u00e9nov\u00e9\u00a0 par les portugais pour la bagatelle de 1 milliard de DA , tout le monde misait sur ce projet qui devait assurer le d\u00e9collage du secteur du tourisme dans cette r\u00e9gion enchanteresse\u00a0 distante de 1240 km d\u2019Alger. Inscrit en 2006 comme projet phare parmi les projets structurants retenus pour la wilaya de B\u00e9char dans le cadre du programme de d\u00e9veloppement des zones du sud , le projet de r\u00e9alisation d\u2019un a\u00e9rodrome \u00e0 B\u00e9ni Abb\u00e8s, 230 km au sud du chef-lieu de wilaya, est en voie d\u2019\u00eatre enterr\u00e9. C\u2019est du moins les conclusions auxquelles sont arriv\u00e9es les sources proches de ce dossier qui tra\u00eene depuis 14 ans. Pourtant, les travaux engag\u00e9s comme la piste d\u2019envol, une section d\u2019entretien, de maintenance et une cl\u00f4ture ont \u00e9t\u00e9 r\u00e9alis\u00e9s dans le cadre d\u2019une op\u00e9ration dite de pr\u00e9servation du patrimoine de l\u2019oasis. L\u2019inconv\u00e9nient, ajoute notre source, est que la piste d\u2019envol et d\u2019atterrissage qui n\u2019est pas extensible, n\u2019est pas\u00a0 en mesure d\u2019accueillir des avions gros porteurs mais de petits a\u00e9ronefs seulement. Ce qui renforce l\u2019id\u00e9e de l\u2019abandon du projet c\u2019est incontestablement le retard de plusieurs ann\u00e9es dans la mise\u00a0 en place des \u00e9quipements restants et indispensables qui devraient \u00eatre livr\u00e9s par l\u2019EGSA ainsi que par l\u2019ENN organisme\u00a0 charg\u00e9 de la s\u00e9curit\u00e9 a\u00e9ronautique\u00a0 pour son exploitation. Le co\u00fbt\u00a0 des travaux engag\u00e9s depuis toutes ces ann\u00e9es serait de l\u2019ordre de 230 millions de DA. Une somme colossale partie en fum\u00e9e. Notre source ajoute cependant qu\u2019une \u00e9tude pour un nouvel a\u00e9rodrome situ\u00e9 \u00e0 3 km de B\u00e9ni Abb\u00e8s sur la route nationale existe depuis 1997 mais cette \u00e9tude n\u2019a pas \u00e9t\u00e9 suivie d\u2019effet et demeure au m\u00eame stade.\u00a0<\/div>\n<\/div>\n<p>Auteur: Ahmed Messaoud<br \/>\n<a href=\"https:\/\/www.reflexiondz.net\/AERODROME-DE-BENI-ABBES-A-BECHAR-23-milliards-de-cts-partis-en-fumee_a66790.html\">Cliquez ici pour lire l&rsquo;article depuis sa source.<\/a><\/p>\n","protected":false},"excerpt":{"rendered":"<p>Avec l\u2019ouverture dans cette localit\u00e9\u00a0 il y a deux ans d\u2019un Institut r\u00e9gional de formation\u00a0 de personnels d\u2019h\u00f4tellerie ainsi que la r\u00e9ouverture l\u2019an dernier de l\u2019h\u00f4tel Rym\u00a0 de la cha\u00eene h\u00f4teli\u00e8re El-Aurassi, un h\u00f4tel\u00a0 4 \u00e9toiles r\u00e9nov\u00e9\u00a0 par les portugais pour la bagatelle de 1 milliard de DA , tout le monde misait sur ce [&hellip;]<\/p>\n","protected":false},"author":1740,"featured_media":0,"comment_status":"closed","ping_status":"closed","sticky":false,"template":"","format":"standard","meta":{"fifu_image_url":"https:\/\/www.reflexiondz.net\/photo\/art\/grande\/52470855-40001632.jpg?v=1608480471","fifu_image_alt":"AERODROME DE BENI ABBES  A BECHAR : 23 milliards de cts partis en fum\u00e9e","footnotes":""},"categories":[53,76],"tags":[],"class_list":["post-107614","post","type-post","status-publish","format-standard","hentry","category-algerie","category-regions"],"_links":{"self":[{"href":"https:\/\/linitiative.ca\/International\/wp-json\/wp\/v2\/posts\/107614","targetHints":{"allow":["GET"]}}],"collection":[{"href":"https:\/\/linitiative.ca\/International\/wp-json\/wp\/v2\/posts"}],"about":[{"href":"https:\/\/linitiative.ca\/International\/wp-json\/wp\/v2\/types\/post"}],"author":[{"embeddable":true,"href":"https:\/\/linitiative.ca\/International\/wp-json\/wp\/v2\/users\/1740"}],"replies":[{"embeddable":true,"href":"https:\/\/linitiative.ca\/International\/wp-json\/wp\/v2\/comments?post=107614"}],"version-history":[{"count":0,"href":"https:\/\/linitiative.ca\/International\/wp-json\/wp\/v2\/posts\/107614\/revisions"}],"wp:attachment":[{"href":"https:\/\/linitiative.ca\/International\/wp-json\/wp\/v2\/media?parent=107614"}],"wp:term":[{"taxonomy":"category","embeddable":true,"href":"https:\/\/linitiative.ca\/International\/wp-json\/wp\/v2\/categories?post=107614"},{"taxonomy":"post_tag","embeddable":true,"href":"https:\/\/linitiative.ca\/International\/wp-json\/wp\/v2\/tags?post=107614"}],"curies":[{"name":"wp","href":"https:\/\/api.w.org\/{rel}","templated":true}]}}