{"id":107616,"date":"2020-12-20T10:35:00","date_gmt":"2020-12-20T15:35:00","guid":{"rendered":"https:\/\/linitiative.ca\/International\/ansej-programmation-de-projets-au-niveau-de-1800-regions\/"},"modified":"2020-12-20T10:35:00","modified_gmt":"2020-12-20T15:35:00","slug":"ansej-programmation-de-projets-au-niveau-de-1800-regions","status":"publish","type":"post","link":"https:\/\/linitiative.ca\/International\/ansej-programmation-de-projets-au-niveau-de-1800-regions\/","title":{"rendered":"ANSEJ  : Programmation de projets au niveau de 1800 r\u00e9gions"},"content":{"rendered":"<p><br id=\"sep_para_1\" class=\"sep_para access\"\/><\/p>\n<div id=\"para_1\" class=\"para_40001654 resize\">\n<div class=\"texte access firstletter\">L\u2019Agence Nationale de Soutien a l\u2019Emploi des Jeunes (Ansej), a programm\u00e9 des projets de contrats de d\u00e9veloppement au niveau de 1 800 r\u00e9gions \u00e9loign\u00e9es dans 740 communes au niveau national, annonce le charg\u00e9 de communication Mebarek Guettache. Dans une d\u00e9claration \u00e0 la Radio nationale, Mebarek Guettache a confirm\u00e9 que \u00ab la strat\u00e9gie adopt\u00e9e pour soutenir les habitants des zones d\u2019ombre, qui repose principalement sur des visites de terrain, a port\u00e9 ses fruits gr\u00e2ce \u00e0 l\u2019entr\u00e9e d\u2019un grand nombre de jeunes dans le monde l\u2019entreprenariat \u00bb. Le charg\u00e9 de la communication a pr\u00e9cis\u00e9 que \u00ab ces visites permette de couvrir 1800 zones d\u2019ombres dans 740 commues. Ce qui a aid\u00e9 \u00e0 la programmation de nombreux projets qui contribueront in\u00e9vitablement \u00e0 faire progresser l\u2019\u00e9conomie nationale \u00bb. Selon Guettache, la cat\u00e9gorie des jeunes est le plus int\u00e9ress\u00e9 \u00e0 cr\u00e9er ses propres projets et \u00e0 entrer dans le monde de l\u2019entreprenariat par sa grande porte, car \u00ab un grand nombre a tenu \u00e0 cr\u00e9er des mini-entreprises qui cherchent \u00e0 prendre leur part du march\u00e9 local \u00bb. La m\u00eame source rappelle que la politique de prise en charge des zones d\u2019ombre \u00e0 travers les diff\u00e9rents processus de d\u00e9veloppement enregistr\u00e9s et de fournir les conditions d\u2019une vie d\u00e9cente \u00e0 leurs habitants est une priorit\u00e9 du pr\u00e9sident de la R\u00e9publique, Abdelmadjid Tebboune, qui veille \u00e0 leur mise en \u0153uvre sur le terrain. Gr\u00e2ce aux diff\u00e9rentes sources de financement disponibles dans les diff\u00e9rentes wilayas, dans le but d\u2019incarner les processus de d\u00e9veloppement qui ont \u00e9t\u00e9 enregistr\u00e9s dans le cadre de la prise en charge des besoins des r\u00e9sidents de plus de 15000 zones d\u2019ombre qui ont \u00e9t\u00e9 compt\u00e9es \u00e0 travers le pays.\u00a0\u00a0<\/div>\n<\/div>\n<p>Auteur: Ismain<br \/>\n<a href=\"https:\/\/www.reflexiondz.net\/ANSEJ-Programmation-de-projets-au-niveau-de-1800-regions_a66796.html\">Cliquez ici pour lire l&rsquo;article depuis sa source.<\/a><\/p>\n","protected":false},"excerpt":{"rendered":"<p>L\u2019Agence Nationale de Soutien a l\u2019Emploi des Jeunes (Ansej), a programm\u00e9 des projets de contrats de d\u00e9veloppement au niveau de 1 800 r\u00e9gions \u00e9loign\u00e9es dans 740 communes au niveau national, annonce le charg\u00e9 de communication Mebarek Guettache. Dans une d\u00e9claration \u00e0 la Radio nationale, Mebarek Guettache a confirm\u00e9 que \u00ab la strat\u00e9gie adopt\u00e9e pour soutenir [&hellip;]<\/p>\n","protected":false},"author":1740,"featured_media":0,"comment_status":"closed","ping_status":"closed","sticky":false,"template":"","format":"standard","meta":{"fifu_image_url":"","fifu_image_alt":"","footnotes":""},"categories":[53,76],"tags":[],"class_list":["post-107616","post","type-post","status-publish","format-standard","hentry","category-algerie","category-regions"],"_links":{"self":[{"href":"https:\/\/linitiative.ca\/International\/wp-json\/wp\/v2\/posts\/107616","targetHints":{"allow":["GET"]}}],"collection":[{"href":"https:\/\/linitiative.ca\/International\/wp-json\/wp\/v2\/posts"}],"about":[{"href":"https:\/\/linitiative.ca\/International\/wp-json\/wp\/v2\/types\/post"}],"author":[{"embeddable":true,"href":"https:\/\/linitiative.ca\/International\/wp-json\/wp\/v2\/users\/1740"}],"replies":[{"embeddable":true,"href":"https:\/\/linitiative.ca\/International\/wp-json\/wp\/v2\/comments?post=107616"}],"version-history":[{"count":0,"href":"https:\/\/linitiative.ca\/International\/wp-json\/wp\/v2\/posts\/107616\/revisions"}],"wp:attachment":[{"href":"https:\/\/linitiative.ca\/International\/wp-json\/wp\/v2\/media?parent=107616"}],"wp:term":[{"taxonomy":"category","embeddable":true,"href":"https:\/\/linitiative.ca\/International\/wp-json\/wp\/v2\/categories?post=107616"},{"taxonomy":"post_tag","embeddable":true,"href":"https:\/\/linitiative.ca\/International\/wp-json\/wp\/v2\/tags?post=107616"}],"curies":[{"name":"wp","href":"https:\/\/api.w.org\/{rel}","templated":true}]}}