{"id":107620,"date":"2020-12-20T11:07:00","date_gmt":"2020-12-20T16:07:00","guid":{"rendered":"https:\/\/linitiative.ca\/International\/le-ministre-de-lenvironnement-mustapha-laroui-limoge-kamel-doukh-ministre-lequipement-en-assure-linterim\/"},"modified":"2020-12-20T11:07:00","modified_gmt":"2020-12-20T16:07:00","slug":"le-ministre-de-lenvironnement-mustapha-laroui-limoge-kamel-doukh-ministre-lequipement-en-assure-linterim","status":"publish","type":"post","link":"https:\/\/linitiative.ca\/International\/le-ministre-de-lenvironnement-mustapha-laroui-limoge-kamel-doukh-ministre-lequipement-en-assure-linterim\/","title":{"rendered":"Le ministre de l\u2019Environnement, Mustapha Laroui, limog\u00e9, Kamel Doukh, ministre l\u2019\u00c9quipement en assure l\u2019int\u00e9rim"},"content":{"rendered":"<p>Dimanche fatal pour le ministre de l\u2019Environnement, Mustapha Laroui. Sans attendre le lundi, le chef du gouvernement, Hichem Mechichi l\u2019a limog\u00e9 et charg\u00e9 le ministre de l\u2019\u00c9quipement, de l\u2019Habitat et de l\u2019Infrastructure d\u2019en assurer l\u2019int\u00e9rim. Il devait y avoir urgence, apr\u00e8s le scandale des d\u00e9chets italiens ill\u00e9galement introduits d\u2019Italie. Mais, pas uniquement.<\/p>\n<p>C\u2019est la deuxi\u00e8me fin de mission que notifie Mechichi, depuis son accession \u00e0 la Kasbah, le 2 septembre dernier, apr\u00e8s avoir signifi\u00e9 \u00e0 l\u2019\u00e9ph\u00e9m\u00e8re et controvers\u00e9 ministre de la Culture, Walid Zidi, son d\u00e9part.<\/p>\n<p>A 100 jours, le chef du gouvernement est dans le remodelage de son \u00e9quipe. A qui le tour\u00a0? Une bonne dizaine de noms seraot sur la sellette. D&rsquo;ici f\u00e9vrier, au plus tard.<br \/>\u00a0<\/p>\n<p>Auteur:<br \/>\n<a href=\"https:\/\/www.leaders.com.tn\/article\/31132-le-ministre-de-l-environnement-mustapha-laroui-limoge-kamel-doukh-ministre-l-equipement-en-assure-l-interim\">Cliquez ici pour lire l&rsquo;article depuis sa source.<\/a><\/p>\n","protected":false},"excerpt":{"rendered":"<p>Dimanche fatal pour le ministre de l\u2019Environnement, Mustapha Laroui. Sans attendre le lundi, le chef du gouvernement, Hichem Mechichi l\u2019a limog\u00e9 et charg\u00e9 le ministre de l\u2019\u00c9quipement, de l\u2019Habitat et de l\u2019Infrastructure d\u2019en assurer l\u2019int\u00e9rim. Il devait y avoir urgence, apr\u00e8s le scandale des d\u00e9chets italiens ill\u00e9galement introduits d\u2019Italie. Mais, pas uniquement. C\u2019est la deuxi\u00e8me [&hellip;]<\/p>\n","protected":false},"author":1772,"featured_media":0,"comment_status":"closed","ping_status":"closed","sticky":false,"template":"","format":"standard","meta":{"fifu_image_url":"","fifu_image_alt":"","footnotes":""},"categories":[73,55],"tags":[],"class_list":["post-107620","post","type-post","status-publish","format-standard","hentry","category-actualite","category-tunisie"],"_links":{"self":[{"href":"https:\/\/linitiative.ca\/International\/wp-json\/wp\/v2\/posts\/107620","targetHints":{"allow":["GET"]}}],"collection":[{"href":"https:\/\/linitiative.ca\/International\/wp-json\/wp\/v2\/posts"}],"about":[{"href":"https:\/\/linitiative.ca\/International\/wp-json\/wp\/v2\/types\/post"}],"author":[{"embeddable":true,"href":"https:\/\/linitiative.ca\/International\/wp-json\/wp\/v2\/users\/1772"}],"replies":[{"embeddable":true,"href":"https:\/\/linitiative.ca\/International\/wp-json\/wp\/v2\/comments?post=107620"}],"version-history":[{"count":0,"href":"https:\/\/linitiative.ca\/International\/wp-json\/wp\/v2\/posts\/107620\/revisions"}],"wp:attachment":[{"href":"https:\/\/linitiative.ca\/International\/wp-json\/wp\/v2\/media?parent=107620"}],"wp:term":[{"taxonomy":"category","embeddable":true,"href":"https:\/\/linitiative.ca\/International\/wp-json\/wp\/v2\/categories?post=107620"},{"taxonomy":"post_tag","embeddable":true,"href":"https:\/\/linitiative.ca\/International\/wp-json\/wp\/v2\/tags?post=107620"}],"curies":[{"name":"wp","href":"https:\/\/api.w.org\/{rel}","templated":true}]}}