{"id":107624,"date":"2020-12-20T05:00:00","date_gmt":"2020-12-20T10:00:00","guid":{"rendered":"https:\/\/linitiative.ca\/International\/et-lui-tu-ne-le-scannes-pas\/"},"modified":"2020-12-20T05:00:00","modified_gmt":"2020-12-20T10:00:00","slug":"et-lui-tu-ne-le-scannes-pas","status":"publish","type":"post","link":"https:\/\/linitiative.ca\/International\/et-lui-tu-ne-le-scannes-pas\/","title":{"rendered":"Et lui, tu ne le scannes pas ?"},"content":{"rendered":"<p class=\"c4\">Apr\u00e8s ses d\u00e9clarations sur les femmes et le couscous, la ministre de la Culture sous le coup d\u2019une plainte pour concurrence d\u00e9loyale intent\u00e9e collectivement par\u2026<\/p>\n<p class=\"c4\"><strong>\u2026 SIM, Mama, Safina, Dari, Extra\u2026<\/strong><\/p>\n<p class=\"c4\">Non, non, non ! Tu regardes encore une fois ! Si, tu t\u2019y colles, y a pas de raison de faire dans la s\u00e9gr\u00e9gation vid\u00e9aste. L\u00e0, tu vois bien que c\u2019est pas lui ! Bien s\u00fbr que ce n\u2019est pas Manu qui appara\u00eet sur l\u2019\u00e9cran apr\u00e8s sa s\u00e9ropositivit\u00e9 divulgu\u00e9e. Impossible que ce soit lui ! Les angles entre ses pommettes et l\u2019\u00e9carquillement de ses sourcils ne correspondent pas du tout, en termes de calculs des trajectoires. Non je n\u2019ai pas fait maths, mais en trajectoires, je suis imbattable ! Et puis, arr\u00eate de m\u2019interrompre, laisse-moi aller jusqu\u2019au bout de ma d\u00e9monstration. Jette un \u0153il sur son \u0153il ! Le gauche, parce que le droit lui n\u2019a pas boug\u00e9. L\u2019h\u00e9misph\u00e8re droit ne bouge jamais chez les banquiers ! Le gauche, si tu le compares avec des photos anciennes, eh ben, c\u2019est pas le m\u00eame \u0153il. Et si tu fais un zoom sur cet \u0153il-l\u00e0, tu vas te rendre compte d\u2019un truc incroyable, mais vrai. Vrai, parce que je te le dis. Ils l\u2019ont remplac\u00e9, son \u0153il gauche ! Oui, M\u2019sieur ! Par quoi ? Ben\u2026 par celui de Castex, pardi ! Le Castex, il est capable de donner son \u0153il gauche \u00e0 Manu, son \u0153il droit, de faire don de tout son corps et de son \u00e2me en prime. Propuls\u00e9 Premier ministre, Castex, il n\u2019en aurait jamais r\u00eav\u00e9 ! Poursuivons ! Le col roul\u00e9 ! Oui, le col roul\u00e9 port\u00e9 par Manu dans la vid\u00e9o. Tu crois sinc\u00e8rement qu\u2019il est l\u00e0 par hasard ? Bien s\u00fbr que non. Y a jamais de hasard en mati\u00e8re de col roul\u00e9 ! Le col roul\u00e9, c\u2019est le sommet en armes de camouflage massif ! Si tu savais ce qu\u2019on peut dissimuler sous un col roul\u00e9. Y a un tas de tubes, de tuyaux et de machins de drainage con\u00e7us sp\u00e9cialement pour Manu. Con\u00e7us par qui ? M\u2019enfin ! Par les ing\u00e9nieurs en a\u00e9rospatiale de Toulouse. Les m\u00eames p\u2019tits g\u00e9nies qui fournissent du matos pour la NASA. Attention, parce que l\u00e0, je te parle d\u2019un truc vachement s\u00e9rieux, la robotique ! Le mec qui ressemble \u00e0 Manu et qui s\u2019est adress\u00e9 aux Fran\u00e7ais, ce n\u2019est pas Macron, mais un humano\u00efde ! D\u2019ailleurs, tu t\u2019en rends compte tout de suite \u00e0 la voix. C\u2019est une voix de synth\u00e8se ! T\u2019es convaincu que c\u2019est la voix de Manu, tu es s\u00fbr que c\u2019est lui qui parle, mais non ! C\u2019est comme pour le Canada Dry ou les bi\u00e8res sans alcool. Au visuel, tu penses avoir affaire \u00e0 du houblon, mais en fait, pas du tout ! C\u2019est de la contrefa\u00e7on ! Tu crois que je me mousse en te d\u00e9ballant tout \u00e7a ? Abadan ! J\u2019te chambre ! Je m\u2019amuse comme un fou ! Parce qu\u2019apparemment, le temps est aux \u00ab amusements malveillants \u00bb ! Et tout en m\u2019amusant, je fume du th\u00e9 pour rester \u00e9veill\u00e9 \u00e0 ce cauchemar qui continue.<br \/><em><strong>H. L.<\/strong><\/em><\/p>\n<p>Auteur:<br \/>\n<a href=\"https:\/\/www.lesoirdalgerie.com\/pousse-avec-eux\/et-lui-tu-ne-le-scannes-pas-53297\">Cliquez ici pour lire l&rsquo;article depuis sa source.<\/a><\/p>\n","protected":false},"excerpt":{"rendered":"<p>Apr\u00e8s ses d\u00e9clarations sur les femmes et le couscous, la ministre de la Culture sous le coup d\u2019une plainte pour concurrence d\u00e9loyale intent\u00e9e collectivement par\u2026 \u2026 SIM, Mama, Safina, Dari, Extra\u2026 Non, non, non ! Tu regardes encore une fois ! Si, tu t\u2019y colles, y a pas de raison de faire dans la s\u00e9gr\u00e9gation [&hellip;]<\/p>\n","protected":false},"author":1741,"featured_media":0,"comment_status":"closed","ping_status":"closed","sticky":false,"template":"","format":"standard","meta":{"fifu_image_url":"","fifu_image_alt":"","footnotes":""},"categories":[73,53],"tags":[],"class_list":["post-107624","post","type-post","status-publish","format-standard","hentry","category-actualite","category-algerie"],"_links":{"self":[{"href":"https:\/\/linitiative.ca\/International\/wp-json\/wp\/v2\/posts\/107624","targetHints":{"allow":["GET"]}}],"collection":[{"href":"https:\/\/linitiative.ca\/International\/wp-json\/wp\/v2\/posts"}],"about":[{"href":"https:\/\/linitiative.ca\/International\/wp-json\/wp\/v2\/types\/post"}],"author":[{"embeddable":true,"href":"https:\/\/linitiative.ca\/International\/wp-json\/wp\/v2\/users\/1741"}],"replies":[{"embeddable":true,"href":"https:\/\/linitiative.ca\/International\/wp-json\/wp\/v2\/comments?post=107624"}],"version-history":[{"count":0,"href":"https:\/\/linitiative.ca\/International\/wp-json\/wp\/v2\/posts\/107624\/revisions"}],"wp:attachment":[{"href":"https:\/\/linitiative.ca\/International\/wp-json\/wp\/v2\/media?parent=107624"}],"wp:term":[{"taxonomy":"category","embeddable":true,"href":"https:\/\/linitiative.ca\/International\/wp-json\/wp\/v2\/categories?post=107624"},{"taxonomy":"post_tag","embeddable":true,"href":"https:\/\/linitiative.ca\/International\/wp-json\/wp\/v2\/tags?post=107624"}],"curies":[{"name":"wp","href":"https:\/\/api.w.org\/{rel}","templated":true}]}}