{"id":107626,"date":"2020-12-20T06:24:06","date_gmt":"2020-12-20T11:24:06","guid":{"rendered":"https:\/\/linitiative.ca\/International\/covid-19-devez-vous-etre-vaccines-si-vous-avez-deja-ete-infectes-par-le-virus\/"},"modified":"2020-12-20T06:24:06","modified_gmt":"2020-12-20T11:24:06","slug":"covid-19-devez-vous-etre-vaccines-si-vous-avez-deja-ete-infectes-par-le-virus","status":"publish","type":"post","link":"https:\/\/linitiative.ca\/International\/covid-19-devez-vous-etre-vaccines-si-vous-avez-deja-ete-infectes-par-le-virus\/","title":{"rendered":"Covid-19 : devez-vous \u00eatre vaccin\u00e9s si vous avez d\u00e9j\u00e0 \u00e9t\u00e9 infect\u00e9s par le virus ?"},"content":{"rendered":"<p><strong>Alors que dans quelques jours d\u00e9marre la campagne de vaccination au Maroc, une question se pose concernant les personnes ayant d\u00e9j\u00e0 \u00e9t\u00e9 contamin\u00e9es par la Covid-19. Doivent-elles se faire vacciner<\/strong><strong>\u202f<\/strong><strong>? Leur immunit\u00e9 peut-elle les dispenser du vaccin<\/strong><strong>\u202f<\/strong><strong>?<\/strong><\/p>\n<div class=\"c10\"\/>\n<p>Au Maroc, la campagne de vaccination contre la Covid-19 s\u2019organise. Le minist\u00e8re de la Sant\u00e9 et celui de l\u2019Int\u00e9rieur organisent conjointement ce dimanche 20 d\u00e9cembre une simulation grandeur nature de la campagne de vaccination.\u00a0 Tout le personnel de sant\u00e9 des 2.900 stations de vaccinations mises en place par les autorit\u00e9s dans les douze r\u00e9gions du Royaume est mobilis\u00e9. Selon les deux minist\u00e8res, \u00ab la r\u00e9ussite de cette op\u00e9ration est tributaire de l\u2019engagement effectif des \u00e9quipes et permet aussi de mesurer concr\u00e8tement le niveau de pr\u00e9paration \u00e0 la campagne de vaccination contre le Covid-19 \u00bb. La campagne de vaccination devra couvrir l\u2019ensemble des citoyens \u00e2g\u00e9s de plus de 18 ans. Le sch\u00e9ma vaccinal adopt\u00e9 se d\u00e9cline en deux \u00e9tapes. La priorit\u00e9 sera donn\u00e9e aux cat\u00e9gories actives au niveau des premi\u00e8res lignes. Il s\u2019agit notamment du personnel de sant\u00e9, des autorit\u00e9s publiques, des forces de s\u00e9curit\u00e9 et du corps enseignant de l\u2019\u00e9ducation nationale. S\u2019y ajoutent les personnes \u00e2g\u00e9es et celles vuln\u00e9rables au virus, notamment celles atteintes de maladies chroniques. Ce sch\u00e9ma correspond aux recommandations de l\u2019OMS. La deuxi\u00e8me \u00e9tape sera marqu\u00e9e par l\u2019\u00e9largissement de la vaccination au reste de la population.<\/p>\n<p><strong>Lire aussi|<a href=\"https:\/\/www.challenge.ma\/la-coree-du-sud-simplique-dans-la-formation-a-casablanca-169414\/\">La Cor\u00e9e du Sud s\u2019implique dans la formation \u00e0 Casablanca<\/a><\/strong><\/p>\n<p>Mais pour le moment, de nombreuses questions demeurent sur ce vaccin. Par exemple, de nombreux anciens malades de la Covid-19 se demandent si elles doivent \u00eatre vaccin\u00e9es alors qu\u2019elles ont d\u00e9j\u00e0 \u00e9t\u00e9 en contact avec le virus. Pas syst\u00e9matiquement, mais rien ne s\u2019y oppose si elles le souhaitent, estime, en France, <a href=\"https:\/\/www.has-sante.fr\/jcms\/p_3225633\/fr\/vaccination-contre-la-covid-19-la-has-precise-ses-recommandations-sur-la-priorisation-des-publics-cibles\">la Haute Autorit\u00e9 de sant\u00e9 (HAS) dans un communiqu\u00e9 mis en ligne vendredi 18 d\u00e9cembre<\/a>. La HAS rappelle que \u00ab la dur\u00e9e de l\u2019immunit\u00e9 \u00e0 long terme conf\u00e9r\u00e9e par la Covid-19 n\u2019est actuellement pas connue \u00bb. M\u00eame si la fr\u00e9quence pr\u00e9cise des cas de r\u00e9infection est difficile \u00e0 \u00e9tablir, \u00ab le nombre de cas publi\u00e9s de r\u00e9infection d\u00fbment document\u00e9s reste pour l\u2019instant faible (une dizaine environ) \u00bb, y est-il pr\u00e9cis\u00e9. En l\u2019\u00e9tat des connaissances scientifiques actuelles, les cas confirm\u00e9s de patients symptomatiques atteints par la suite une deuxi\u00e8me fois d\u2019une forme plus s\u00e9v\u00e8re du Covid-19 seraient exceptionnels.\u00a0 Selon la Haute Autorit\u00e9, le \u00ab constat scientifique \u00bb est donc \u00ab qu\u2019\u00e0 ce jour les donn\u00e9es ne permettent pas de savoir s\u2019il y a un b\u00e9n\u00e9fice \u00e0 vacciner les personnes qui ont d\u00e9j\u00e0 \u00e9t\u00e9 infect\u00e9es par le SARS-CoV-2 \u00bb (le virus provoquant la maladie Covid-19). En cons\u00e9quence, elle juge que : \u00ab A ce stade, qu\u2019il n\u2019y a pas lieu de vacciner syst\u00e9matiquement les personnes ayant d\u00e9j\u00e0 d\u00e9velopp\u00e9 une forme symptomatique du Covid-19. \u00bb\u00a0 D\u2019un autre c\u00f4t\u00e9, elle ne note aucun \u00ab effet ind\u00e9sirable grave particulier \u00bb lorsqu\u2019une personne ayant eu le Covid-19 se fait vacciner. Elle en conclut que rien ne s\u2019oppose \u00e0 une telle vaccination si une personne contamin\u00e9e le souhaite, et \u00ab \u00e0 l\u2019issue d\u2019une d\u00e9cision partag\u00e9e avec le m\u00e9decin \u00bb. A noter que jusque-l\u00e0, la plupart des essais cliniques men\u00e9s sur les candidats-vaccins excluent en analyse principale les sujets ant\u00e9rieurement infect\u00e9s c\u2019est-\u00e0-dire ceux qui ont d\u00e9j\u00e0 \u00e9t\u00e9 malades par le pass\u00e9.<\/p>\n<p>Au Maroc, jusqu\u2019\u00e0 hier samedi 19 d\u00e9cembre \u00e0 18 heures, le bilan portait \u00e0 415.226 le nombre total des contaminations, depuis le premier cas signal\u00e9 en mars dernier, et \u00e0 375.623 celui des personnes totalement r\u00e9tablies, soit un taux de gu\u00e9rison de 90,5%, selon le minist\u00e8re dans son bulletin quotidien sur la situation de la Covid-19.<\/p>\n<p><strong>Lire aussi|<a href=\"https:\/\/www.challenge.ma\/coronavirus-le-vaccin-de-moderna-autorise-aux-etat-unis-169389\/\">Coronavirus : le vaccin de Moderna autoris\u00e9 aux Etat-Unis<\/a><\/strong><\/p>\n<p>Auteur: Adama Sylla<br \/>\n<a href=\"https:\/\/www.challenge.ma\/covid-19-devez-vous-etre-vaccines-si-vous-avez-deja-ete-infectes-par-le-virus-169420\/\">Cliquez ici pour lire l&rsquo;article depuis sa source.<\/a><\/p>\n","protected":false},"excerpt":{"rendered":"<p>Alors que dans quelques jours d\u00e9marre la campagne de vaccination au Maroc, une question se pose concernant les personnes ayant d\u00e9j\u00e0 \u00e9t\u00e9 contamin\u00e9es par la Covid-19. Doivent-elles se faire vacciner\u202f? Leur immunit\u00e9 peut-elle les dispenser du vaccin\u202f? Au Maroc, la campagne de vaccination contre la Covid-19 s\u2019organise. Le minist\u00e8re de la Sant\u00e9 et celui de [&hellip;]<\/p>\n","protected":false},"author":1787,"featured_media":0,"comment_status":"closed","ping_status":"closed","sticky":false,"template":"","format":"standard","meta":{"fifu_image_url":"","fifu_image_alt":"","footnotes":""},"categories":[78,54],"tags":[],"class_list":["post-107626","post","type-post","status-publish","format-standard","hentry","category-economie","category-maroc"],"_links":{"self":[{"href":"https:\/\/linitiative.ca\/International\/wp-json\/wp\/v2\/posts\/107626","targetHints":{"allow":["GET"]}}],"collection":[{"href":"https:\/\/linitiative.ca\/International\/wp-json\/wp\/v2\/posts"}],"about":[{"href":"https:\/\/linitiative.ca\/International\/wp-json\/wp\/v2\/types\/post"}],"author":[{"embeddable":true,"href":"https:\/\/linitiative.ca\/International\/wp-json\/wp\/v2\/users\/1787"}],"replies":[{"embeddable":true,"href":"https:\/\/linitiative.ca\/International\/wp-json\/wp\/v2\/comments?post=107626"}],"version-history":[{"count":0,"href":"https:\/\/linitiative.ca\/International\/wp-json\/wp\/v2\/posts\/107626\/revisions"}],"wp:attachment":[{"href":"https:\/\/linitiative.ca\/International\/wp-json\/wp\/v2\/media?parent=107626"}],"wp:term":[{"taxonomy":"category","embeddable":true,"href":"https:\/\/linitiative.ca\/International\/wp-json\/wp\/v2\/categories?post=107626"},{"taxonomy":"post_tag","embeddable":true,"href":"https:\/\/linitiative.ca\/International\/wp-json\/wp\/v2\/tags?post=107626"}],"curies":[{"name":"wp","href":"https:\/\/api.w.org\/{rel}","templated":true}]}}