{"id":107636,"date":"2020-12-20T14:43:29","date_gmt":"2020-12-20T19:43:29","guid":{"rendered":"https:\/\/linitiative.ca\/International\/bruits-de-bottes-en-rca\/"},"modified":"2020-12-20T14:43:29","modified_gmt":"2020-12-20T19:43:29","slug":"bruits-de-bottes-en-rca","status":"publish","type":"post","link":"https:\/\/linitiative.ca\/International\/bruits-de-bottes-en-rca\/","title":{"rendered":"BRUITS DE BOTTES EN RCA"},"content":{"rendered":"<p class=\"c3\"><em>Le monde entier avait \u00e9t\u00e9 t\u00e9moin, le 6 f\u00e9vrier 2019, de la signature de l\u2019accord de paix entre les autorit\u00e9s de Bangui et 14 groupes arm\u00e9s. Cela avait suscit\u00e9 beaucoup d\u2019espoirs quant \u00e0 un retour de la paix et de la stabilit\u00e9 dans ce pays b\u00e9ni par la nature mais malmen\u00e9 depuis l\u2019ind\u00e9pendance par ses fils et filles. Cet \u00e9v\u00e9nement heureux avait eu lieu \u00e0 Khartoum, capitale du Soudan. Mais c\u2019\u00e9tait mal conna\u00eetre la R\u00e9publique centrafricaine. En effet, avant que l\u2019accord de paix ait souffl\u00e9 sa deuxi\u00e8me bougie, voil\u00e0 que six groupes arm\u00e9s annoncent ne plus se reconna\u00eetre dans ledit accord. La d\u00e9nonciation de l\u2019accord de paix a \u00e9t\u00e9 sign\u00e9e le 15 d\u00e9cembre dernier \u00e0 Kamba Koto, une localit\u00e9 du Nord-Ouest du pays. Les signataires invoquent \u00ab\u00a0 l\u2019incapacit\u00e9\u00a0\u00bb du gouvernement \u00e0 faire appliquer l\u2019accord de paix. De ce fait, ils menacent de marcher sur Bangui pour se faire entendre. En tout cas, ces groupes arm\u00e9s se disent d\u00e9termin\u00e9s \u00e0 recourir \u00e0 \u00ab\u00a0 tous les moyens\u00a0\u00bb pour emp\u00eacher la tenue du double scrutin du 27 d\u00e9cembre prochain. A moins d\u2019une semaine de ce grand rendez-vous de la d\u00e9mocratie, la bande des six, si l\u2019on peut les appeler ainsi, est en mouvement vers Bangui.<\/em><\/p>\n<p class=\"c4\"><strong><em>Il est tr\u00e8s facile d\u2019accuser un adversaire politique de complot<\/em><\/strong><\/p>\n<p class=\"c3\"><em>Certains observateurs ont signal\u00e9 leur pr\u00e9sence \u00e0 moins de 100 kilom\u00e8tres de la capitale. Pour le pouvoir centrafricain, il s\u2019agit d\u2019un coup d\u2019Etat en gestation. Et Bangui est cat\u00e9gorique et formel sur le nom de l\u2019instigateur. C\u2019est Fran\u00e7ois Boziz\u00e9, du nom de l\u2019ancien pr\u00e9sident chass\u00e9 du pouvoir par la S\u00e9l\u00e9ka en 2013. Le parti de l\u2019accus\u00e9, le KNK, est tout aussi cat\u00e9gorique et formel\u00a0: son mentor n\u2019a rien \u00e0 voir dans cette tentative de d\u00e9stabilisation. Au contraire, son parti voit l\u00e0, une volont\u00e9 manifeste du pr\u00e9sident sortant, Faustin Archange Touad\u00e9ra, de nuire \u00e0 Fran\u00e7ois Boziz\u00e9 suite \u00e0 l\u2019appel de ce dernier, \u00e0 voter pour son rival, Anicet George Dologu\u00e9l\u00e9, le 27 d\u00e9cembre prochain. Sans se faire l\u2019avocat du diable, cet argumentaire peut tenir la route. Car, 7 ans apr\u00e8s sa chute, Fran\u00e7ois Boziz\u00e9 garde encore sa popularit\u00e9, surtout dans son fief. Son soutien donc \u00e0 Dologuel\u00e9 peut r\u00e9ellement faire mal \u00e0 Touad\u00e9ra. De ce point de vue, le pr\u00e9sident sortant pourrait avoir int\u00e9r\u00eat \u00e0 simuler un coup d\u2019Etat et \u00e0 l\u2019imputer \u00e0 Fran\u00e7ois Boziz\u00e9. \u00ab\u00a0Pour abattre son chien, dit l\u2019adage, il suffit de l\u2019accuser de rage\u00a0\u00bb. Touad\u00e9ra pourrait simplement avoir traduit en actes ce dicton. En tout cas, il est tr\u00e8s facile d\u2019accuser un adversaire politique de complot. Il faut surtout en apporter des preuves irr\u00e9futables. Pour autant, il est tr\u00e8s risqu\u00e9 de donner la communion sans confession \u00e0 Fran\u00e7ois Boziz\u00e9. Autrement dit, l\u2019on peut se poser la question de savoir si l\u2019accus\u00e9 Fran\u00e7ois Boziz\u00e9 est d\u00e9fendable. On peut prendre le risque d\u2019y r\u00e9pondre par la n\u00e9gative et cela, au regard des consid\u00e9rations suivantes\u00a0: premi\u00e8rement, depuis que l\u2019homme a \u00e9t\u00e9 chass\u00e9 du pouvoir en 2013 par la S\u00e9l\u00e9ka, il n\u2019a jamais fait myst\u00e8re de sa volont\u00e9 de revenir aux affaires. Et pendant tout le temps qu\u2019il est rest\u00e9 en exil, son ombre n\u2019a pas cess\u00e9 de planer sur la Centrafrique.<\/em><\/p>\n<p class=\"c4\"><strong><em>Le coup d\u2019Etat conna\u00eet Fran\u00e7ois Boziz\u00e9 et vice versa<\/em><\/strong><\/p>\n<p class=\"c3\"><em>Les deux instruments dont il s\u2019est servi pour revenir au devant de la sc\u00e8ne sont les Anti-balaka, du nom de cette tristement c\u00e9l\u00e8bre milice mise en place par Boziz\u00e9, et le KNK, cet autre instrument de sa reconqu\u00eate du pouvoir. Et le moins que l\u2019on puisse dire, c\u2019est que ce parti ne compte pas pour du beurre en Centrafrique. Le deuxi\u00e8me \u00e9l\u00e9ment justifiant la th\u00e8se selon laquelle Fran\u00e7ois Boziz\u00e9 est ind\u00e9fendable, c\u2019est que ce dernier, peut-on dire, semble avoir le coup d\u2019Etat dans les g\u00e8nes. Sous Andr\u00e9 Kolingba, on l\u2019avait accus\u00e9 de tentative de putsch. Il avait d\u00fb son salut en fuyant le pays. Sous Ange F\u00e9lix Patass\u00e9, il a remis le couvert. Mais cette fois-ci, il avait r\u00e9ussi son coup. Le coup d\u2019Etat conna\u00eet Fran\u00e7ois Boziz\u00e9 et vice versa. Fran\u00e7ois Boziz\u00e9, par cons\u00e9quent, a le profil de l\u2019emploi si fait qu\u2019il n\u2019est pas \u00e9tonnant qu\u2019il soit accus\u00e9 de coup d\u2019Etat. La troisi\u00e8me et derni\u00e8re consid\u00e9ration qui peut le motiver \u00e0 op\u00e9rer un coup d\u2019Etat, est li\u00e9e au rejet de sa candidature par la Cour constitutionnelle. Il est fort probable qu\u2019il n\u2019ait pas dig\u00e9r\u00e9 cette d\u00e9cision. Pour signifier son m\u00e9contentement, il peut \u00eatre tent\u00e9 de br\u00fbler la Centrafrique. Et un homme comme Boziz\u00e9, n\u2019aurait aucun scrupule \u00e0 le faire. D\u2019ailleurs, la Centrafrique a toujours souffert du nanisme politique de ses fils et filles. Et cela dure depuis la disparition tragique de son p\u00e8re fondateur, Barth\u00e9lemy Boganda. Tous ceux qui lui ont succ\u00e9d\u00e9, \u00e0 l\u2019exception de Catherine Samba Panza et de l\u2019actuel pr\u00e9sident, \u00e9taient d\u2019illustres anti-h\u00e9ros et des soudards. C\u2019est pourquoi la communaut\u00e9 internationale doit ouvrir l\u2019\u0153il et le bon de sorte \u00e0 emp\u00eacher les fils indignes de la RCA d\u2019inscrire \u00e0 nouveau leur pays, et ce de fa\u00e7on d\u00e9lib\u00e9r\u00e9e, \u00e0 l\u2019article de la mort. A ce sujet, elle doit co\u00fbte que co\u00fbte permettre au processus \u00e9lectoral de se d\u00e9rouler jusqu\u2019au bout. Autrement, elle donnerait raison aux groupes arm\u00e9s qui sont en train d\u2019\u00e9cumer le pays. En tout cas, Fatou Bensouda, la procureure de la CPI (Cour p\u00e9nale internationale), est interpell\u00e9e. Car, en RCA, \u00ab\u00a0tous les moyens\u00a0\u00bb sont bons pour parvenir au pouvoir. Et les six groupes arm\u00e9s qui, depuis le jeudi 17 d\u00e9cembre dernier, sont en train de dresser le b\u00fbcher contre le pays, sont des clients s\u00e9rieux. Et si aujourd\u2019hui, Fran\u00e7ois Boziz\u00e9 peut encore faire mal \u00e0 son pays, c\u2019est parce que quelque part, il a b\u00e9n\u00e9fici\u00e9 d\u2019une complaisance. En tout cas, on le voyait se pavaner all\u00e8grement \u00e0 Bangui alors qu\u2019il \u00e9tait activement recherch\u00e9 par la Justice internationale.<\/em><\/p>\n<p class=\"c4\"><strong><em>\u00ab\u00a0Le Pays\u00a0\u00bb<\/em><\/strong><\/p>\n<p>Auteur: Le Pays<br \/>\n<a href=\"https:\/\/lepays.bf\/bruits-de-bottes-en-rca\/\">Cliquez ici pour lire l&rsquo;article depuis sa source.<\/a><\/p>\n","protected":false},"excerpt":{"rendered":"<p>Le monde entier avait \u00e9t\u00e9 t\u00e9moin, le 6 f\u00e9vrier 2019, de la signature de l\u2019accord de paix entre les autorit\u00e9s de Bangui et 14 groupes arm\u00e9s. Cela avait suscit\u00e9 beaucoup d\u2019espoirs quant \u00e0 un retour de la paix et de la stabilit\u00e9 dans ce pays b\u00e9ni par la nature mais malmen\u00e9 depuis l\u2019ind\u00e9pendance par ses [&hellip;]<\/p>\n","protected":false},"author":1813,"featured_media":0,"comment_status":"closed","ping_status":"closed","sticky":false,"template":"","format":"standard","meta":{"fifu_image_url":"","fifu_image_alt":"","footnotes":""},"categories":[73,81],"tags":[],"class_list":["post-107636","post","type-post","status-publish","format-standard","hentry","category-actualite","category-burkina-faso"],"_links":{"self":[{"href":"https:\/\/linitiative.ca\/International\/wp-json\/wp\/v2\/posts\/107636","targetHints":{"allow":["GET"]}}],"collection":[{"href":"https:\/\/linitiative.ca\/International\/wp-json\/wp\/v2\/posts"}],"about":[{"href":"https:\/\/linitiative.ca\/International\/wp-json\/wp\/v2\/types\/post"}],"author":[{"embeddable":true,"href":"https:\/\/linitiative.ca\/International\/wp-json\/wp\/v2\/users\/1813"}],"replies":[{"embeddable":true,"href":"https:\/\/linitiative.ca\/International\/wp-json\/wp\/v2\/comments?post=107636"}],"version-history":[{"count":0,"href":"https:\/\/linitiative.ca\/International\/wp-json\/wp\/v2\/posts\/107636\/revisions"}],"wp:attachment":[{"href":"https:\/\/linitiative.ca\/International\/wp-json\/wp\/v2\/media?parent=107636"}],"wp:term":[{"taxonomy":"category","embeddable":true,"href":"https:\/\/linitiative.ca\/International\/wp-json\/wp\/v2\/categories?post=107636"},{"taxonomy":"post_tag","embeddable":true,"href":"https:\/\/linitiative.ca\/International\/wp-json\/wp\/v2\/tags?post=107636"}],"curies":[{"name":"wp","href":"https:\/\/api.w.org\/{rel}","templated":true}]}}