{"id":107637,"date":"2020-12-20T14:53:27","date_gmt":"2020-12-20T19:53:27","guid":{"rendered":"https:\/\/linitiative.ca\/International\/nouvelles-attaques-terroristes-et-enlevement-de-civils-au-nigeria\/"},"modified":"2020-12-20T14:53:27","modified_gmt":"2020-12-20T19:53:27","slug":"nouvelles-attaques-terroristes-et-enlevement-de-civils-au-nigeria","status":"publish","type":"post","link":"https:\/\/linitiative.ca\/International\/nouvelles-attaques-terroristes-et-enlevement-de-civils-au-nigeria\/","title":{"rendered":"NOUVELLES ATTAQUES TERRORISTES ET ENLEVEMENT DE CIVILS AU NIGERIA"},"content":{"rendered":"<div class=\"featured-area featured-area-inner\"><img decoding=\"async\" width=\"592\" height=\"296\" src=\"https:\/\/lepays.bf\/wp-content\/uploads\/2020\/12\/BOKO-HARAM-.jpg\" class=\"attachment-jannah-image-post size-jannah-image-post wp-post-image\" alt=\"\" loading=\"lazy\" srcset=\"https:\/\/lepays.bf\/wp-content\/uploads\/2020\/12\/BOKO-HARAM-.jpg 592w, https:\/\/lepays.bf\/wp-content\/uploads\/2020\/12\/BOKO-HARAM--300x150.jpg 300w\" sizes=\"auto, (max-width: 592px) 100vw, 592px\"\/><\/div>\n<div class=\"entry-content entry clearfix\" readability=\"68\">\n<p class=\"c3\"><em>D\u00e9cid\u00e9ment, la violence a repris des droits en cette fin d\u2019ann\u00e9e au Nigeria. C\u2019est le moins que l\u2019on puisse dire au regard de la recrudescence des attaques enregistr\u00e9es, ces derniers temps, dans ce pays tr\u00e8s peupl\u00e9 d\u2019Afrique de l\u2019Ouest. En effet, des hommes arm\u00e9s ont ouvert le feu sur un convoi militaire le week-end \u00e9coul\u00e9, tuant sur-le-champ cinq soldats. Dans la foul\u00e9e, c\u2019est un convoi de v\u00e9hicules transportant des civils qui tombait dans une embuscade. Le bilan, encore provisoire, fait \u00e9tat de 35 personnes enlev\u00e9es et une autre froidement abattue. Toutes ces attaques, faut-il le rappeler, interviennent quelques heures seulement apr\u00e8s le rapt suivi de la lib\u00e9ration de plus de 300 lyc\u00e9ens au grand soulagement des parents et des autorit\u00e9s. La joie qui avait accompagn\u00e9 cette lib\u00e9ration aux contours encore flous, n\u2019aura donc \u00e9t\u00e9 que de courte dur\u00e9e. Car, Boko Haram vient non seulement d\u2019endeuiller le Nigeria mais il a aussi r\u00e9ussi \u00e0 kidnapper plusieurs civils. Que va-t-il en faire\u00a0?<\/em><\/p>\n<p class=\"c4\"><strong><em>Tout se passe comme si l\u2019arm\u00e9e nig\u00e9riane avait pli\u00e9 l\u2019\u00e9chine face \u00e0 Boko Haram<\/em><\/strong><\/p>\n<p class=\"c3\"><em>Pour les uns, les islamistes insurg\u00e9s nig\u00e9rians veulent en faire des combattants tandis que pour d\u2019autres, ils veulent en faire des boucliers humains. Et ce n\u2019est pas tout. Bien des otages sont utilis\u00e9s comme des kamikazes pour commettre des actions d\u2019\u00e9clat. En tout cas, le pr\u00e9sident Muhammadu Buhari qui avait promis de vaincre Boko Haram, a du pain sur la planche\u00a0; tant l\u2019ennemi n\u2019a de cesse de lui donner du fil \u00e0 retordre. Certes, la lutte contre le terrorisme est un combat de longue haleine mais tout se passe comme si l\u2019arm\u00e9e nig\u00e9riane avait pli\u00e9 l\u2019\u00e9chine face \u00e0 Boko Haram qui, en une d\u00e9cennie, a fait plus de 36 000 morts. C\u2019est dire donc qu\u2019il y a p\u00e9ril en la demeure. Car, \u00e0 l\u2019allure o\u00f9 vont les choses, il faut craindre le pire ce d\u2019autant que pendant que br\u00fble le Nigeria, les pays sah\u00e9liens que sont le Burkina Faso, le Mali et le Niger sont \u00e0 la peine, menac\u00e9s qu\u2019ils sont dans leur existence par des groupes arm\u00e9s de tout acabit. C\u2019est le lieu donc de rappeler \u00e0 tous les pays de l\u2019Afrique occidentale, la n\u00e9cessit\u00e9 d\u2019aller vers une coalition r\u00e9gionale, pour autant que l\u2019on veuille porter l\u2019estocade \u00e0 ces illumin\u00e9s qui troublent le sommeil des populations.<\/em><\/p>\n<p class=\"c4\"><strong><em>B.O<\/em><\/strong><\/p>\n<\/div>\n<p>Auteur: Le Pays<br \/>\n<a href=\"https:\/\/lepays.bf\/nouvelles-attaques-terroristes-et-enlevement-de-civils-au-nigeria\/\">Cliquez ici pour lire l&rsquo;article depuis sa source.<\/a><\/p>\n","protected":false},"excerpt":{"rendered":"<p>D\u00e9cid\u00e9ment, la violence a repris des droits en cette fin d\u2019ann\u00e9e au Nigeria. C\u2019est le moins que l\u2019on puisse dire au regard de la recrudescence des attaques enregistr\u00e9es, ces derniers temps, dans ce pays tr\u00e8s peupl\u00e9 d\u2019Afrique de l\u2019Ouest. En effet, des hommes arm\u00e9s ont ouvert le feu sur un convoi militaire le week-end \u00e9coul\u00e9, [&hellip;]<\/p>\n","protected":false},"author":1813,"featured_media":0,"comment_status":"closed","ping_status":"closed","sticky":false,"template":"","format":"standard","meta":{"fifu_image_url":"https:\/\/lepays.bf\/wp-content\/uploads\/2020\/12\/BOKO-HARAM-.jpg","fifu_image_alt":"NOUVELLES ATTAQUES TERRORISTES ET ENLEVEMENT DE CIVILS AU NIGERIA","footnotes":""},"categories":[73,81],"tags":[],"class_list":["post-107637","post","type-post","status-publish","format-standard","hentry","category-actualite","category-burkina-faso"],"_links":{"self":[{"href":"https:\/\/linitiative.ca\/International\/wp-json\/wp\/v2\/posts\/107637","targetHints":{"allow":["GET"]}}],"collection":[{"href":"https:\/\/linitiative.ca\/International\/wp-json\/wp\/v2\/posts"}],"about":[{"href":"https:\/\/linitiative.ca\/International\/wp-json\/wp\/v2\/types\/post"}],"author":[{"embeddable":true,"href":"https:\/\/linitiative.ca\/International\/wp-json\/wp\/v2\/users\/1813"}],"replies":[{"embeddable":true,"href":"https:\/\/linitiative.ca\/International\/wp-json\/wp\/v2\/comments?post=107637"}],"version-history":[{"count":0,"href":"https:\/\/linitiative.ca\/International\/wp-json\/wp\/v2\/posts\/107637\/revisions"}],"wp:attachment":[{"href":"https:\/\/linitiative.ca\/International\/wp-json\/wp\/v2\/media?parent=107637"}],"wp:term":[{"taxonomy":"category","embeddable":true,"href":"https:\/\/linitiative.ca\/International\/wp-json\/wp\/v2\/categories?post=107637"},{"taxonomy":"post_tag","embeddable":true,"href":"https:\/\/linitiative.ca\/International\/wp-json\/wp\/v2\/tags?post=107637"}],"curies":[{"name":"wp","href":"https:\/\/api.w.org\/{rel}","templated":true}]}}