{"id":107644,"date":"2020-12-19T22:18:02","date_gmt":"2020-12-20T03:18:02","guid":{"rendered":"https:\/\/linitiative.ca\/International\/cote-divoire-un-arbre-de-noel-au-profit-de-1000-enfants-au-palais-presidentiel\/"},"modified":"2020-12-19T22:18:02","modified_gmt":"2020-12-20T03:18:02","slug":"cote-divoire-un-arbre-de-noel-au-profit-de-1000-enfants-au-palais-presidentiel","status":"publish","type":"post","link":"https:\/\/linitiative.ca\/International\/cote-divoire-un-arbre-de-noel-au-profit-de-1000-enfants-au-palais-presidentiel\/","title":{"rendered":"C\u00f4te d\u2019Ivoire: un arbre de No\u00ebl au profit de 1000 enfants au palais pr\u00e9sidentiel"},"content":{"rendered":"<div readability=\"32\">\n<p>Publi\u00e9 le 20.12.2020 \u00e0 04h18 par APA News<\/p>\n<\/div>\n<div readability=\"100\">\n<p>La Premi\u00e8re dame de C\u00f4te d\u2019Ivoire, Dominique Ouattara, a au travers de sa Fondation Children of Africa, offert vendredi des cadeux \u00e0 plus de 1 000 enfants pour la f\u00eate de No\u00ebl, lors d\u2019un arbre de No\u00ebl tenu dans les jardins du palais pr\u00e9sidentiel.Plusieurs enfants dont l\u2019\u00e2ge oscille entre 3 et 9 ans, r\u00e9unis dans un parc de jeux g\u00e9ant, aux couleurs de No\u00ebl, \u00e9taient visiblement tr\u00e8s heureux de partager ces moments magiques. Ils ont eu droit \u00e0 des stands de go\u00fbter et des prestations d\u2019artistes venus les \u00e9gayer.<\/p>\n<p>Malgr\u00e9 la Covid-19, \u00ab\u00a0nous vous avons pr\u00e9par\u00e9 une f\u00eate toute aussi belle, pour rester conforme \u00e0 notre tradition de plus de 20 ans, d\u2019offrir chaque ann\u00e9e de meilleurs arbres de No\u00ebl \u00e0 des milliers d\u2019enfants\u00a0\u00bb, a dit Nadine Sangar\u00e9, directrice de Chidren or Africa, repr\u00e9sentant la Premi\u00e8re dame, Dominique Ouattara, dans un discours.\u00a0<\/p>\n<p>En plus de cela, assurera-t-elle, Children of Africa organisera des arbres de No\u00ebl \u00e9clat\u00e9s dans diverses localit\u00e9s du pays pour le bonheur des enfants. L\u2019ONG pr\u00e9voit toucher cette ann\u00e9e 2020 quelque 15.000 enfants, au total, \u00e0 travers le pays. \u00a0<\/p>\n<p>Selon Mme Nadine Sangar\u00e9, \u00ab\u00a0No\u00ebl est un moment de joie pour les enfants\u00a0\u00bb et chaque ann\u00e9e, \u00a0quel que soit le milieu social dont il est issu, devrait vivre des moments de bonheur pendant les f\u00eates de No\u00ebl.<\/p>\n<p>A cette occasion, le palais de la pr\u00e9sidence de la R\u00e9publique a ouvert ses portes \u00e0 ces enfants, accompagn\u00e9s de leurs parents, offrant un instant de r\u00eave et un arbre de No\u00ebl f\u00e9erique avec des attractions, des jeux et des animations de clowns.\u00a0<\/p>\n<p>Pour cette fondation, cr\u00e9\u00e9e par Mme Dominique Ouattara, \u00ab\u00a0en plus d\u2019\u00eatre une f\u00eate de partage, No\u00ebl est v\u00e9ritablement la f\u00eate de l\u2019amiti\u00e9 et de l\u2019amour\u00a0\u00bb. Ce qui explique, l\u2019invitation d\u2019enfants de divers horizons.<\/p>\n<p>Outre cet arbre de No\u00ebl, Children of Africa, pr\u00e9pare d\u2019autres cadeaux au profit de 14.000 enfants vivant dans toute les r\u00e9gions de la C\u00f4te d\u2019Ivoire. Et ce, gr\u00e2ce aux contributions de g\u00e9n\u00e9reux donateurs et des b\u00e9n\u00e9voles de la Fondation.\u00a0<\/p>\n<p>Les enfants de la commune de Songo, une banlieue situ\u00e9e \u00e0 l\u2019Ouest d\u2019Abidjan, la capitale \u00e9conomique ivoirienne, \u00e9taient cette ann\u00e9e les invit\u00e9s d\u2019honneur de l\u2019arbre de No\u00ebl de la Fondation Children of Africa.\u00a0<\/p>\n<\/div>\n<p>Auteur: APA News<br \/>\n<a href=\"https:\/\/www.journalducameroun.com\/cote-divoire-un-arbre-de-noel-au-profit-de-1000-enfants-au-palais-presidentiel\/\">Cliquez ici pour lire l&rsquo;article depuis sa source.<\/a><\/p>\n","protected":false},"excerpt":{"rendered":"<p>Publi\u00e9 le 20.12.2020 \u00e0 04h18 par APA News La Premi\u00e8re dame de C\u00f4te d\u2019Ivoire, Dominique Ouattara, a au travers de sa Fondation Children of Africa, offert vendredi des cadeux \u00e0 plus de 1 000 enfants pour la f\u00eate de No\u00ebl, lors d\u2019un arbre de No\u00ebl tenu dans les jardins du palais pr\u00e9sidentiel.Plusieurs enfants dont l\u2019\u00e2ge [&hellip;]<\/p>\n","protected":false},"author":1965,"featured_media":0,"comment_status":"closed","ping_status":"closed","sticky":false,"template":"","format":"standard","meta":{"fifu_image_url":"","fifu_image_alt":"","footnotes":""},"categories":[73,82],"tags":[],"class_list":["post-107644","post","type-post","status-publish","format-standard","hentry","category-actualite","category-cameroun"],"_links":{"self":[{"href":"https:\/\/linitiative.ca\/International\/wp-json\/wp\/v2\/posts\/107644","targetHints":{"allow":["GET"]}}],"collection":[{"href":"https:\/\/linitiative.ca\/International\/wp-json\/wp\/v2\/posts"}],"about":[{"href":"https:\/\/linitiative.ca\/International\/wp-json\/wp\/v2\/types\/post"}],"author":[{"embeddable":true,"href":"https:\/\/linitiative.ca\/International\/wp-json\/wp\/v2\/users\/1965"}],"replies":[{"embeddable":true,"href":"https:\/\/linitiative.ca\/International\/wp-json\/wp\/v2\/comments?post=107644"}],"version-history":[{"count":0,"href":"https:\/\/linitiative.ca\/International\/wp-json\/wp\/v2\/posts\/107644\/revisions"}],"wp:attachment":[{"href":"https:\/\/linitiative.ca\/International\/wp-json\/wp\/v2\/media?parent=107644"}],"wp:term":[{"taxonomy":"category","embeddable":true,"href":"https:\/\/linitiative.ca\/International\/wp-json\/wp\/v2\/categories?post=107644"},{"taxonomy":"post_tag","embeddable":true,"href":"https:\/\/linitiative.ca\/International\/wp-json\/wp\/v2\/tags?post=107644"}],"curies":[{"name":"wp","href":"https:\/\/api.w.org\/{rel}","templated":true}]}}