{"id":107647,"date":"2020-12-20T11:18:01","date_gmt":"2020-12-20T16:18:01","guid":{"rendered":"https:\/\/linitiative.ca\/International\/presse-numerique-livoirien-jonas-baikeh-remporte-le-prix-dan-moussa-2020-pour-la-promotion-de-la-paix\/"},"modified":"2020-12-20T11:18:01","modified_gmt":"2020-12-20T16:18:01","slug":"presse-numerique-livoirien-jonas-baikeh-remporte-le-prix-dan-moussa-2020-pour-la-promotion-de-la-paix","status":"publish","type":"post","link":"https:\/\/linitiative.ca\/International\/presse-numerique-livoirien-jonas-baikeh-remporte-le-prix-dan-moussa-2020-pour-la-promotion-de-la-paix\/","title":{"rendered":"Presse num\u00e9rique: l\u2019Ivoirien Jonas Baikeh remporte le Prix Dan Moussa 2020 pour la promotion de la paix"},"content":{"rendered":"<p>Le journaliste ivoirien Jonas Baikeh a remport\u00e9, samedi soir, la 4e \u00e9dition du Prix Alfred Dan Moussa du meilleur journaliste web pour la promotion de la paix et de l\u2019int\u00e9gration dans l\u2019espace de la Communaut\u00e9 \u00e9conomique des Etats de l\u2019Afrique (CEDEAO) organis\u00e9e par le R\u00e9seau des professionnels de la presse en ligne en C\u00f4te d\u2019Ivoire (REPPRELCI).<\/p>\n<p>Le laur\u00e9at du Prix Alfred Dan Moussa, Jonas Baikeh, journaliste \u00e0 l\u2019infodrome.ci, qui a obtenu une moyenne de 15,33 sur 20, a remport\u00e9 l\u2019\u00e9dition 2020. Il a re\u00e7u un ordinateur portable avec une somme de 700.000 Fcfa et un troph\u00e9e.<\/p>\n<p>Il est suivi de Fofana Anzoumana, deuxi\u00e8me laur\u00e9at, qui a gagn\u00e9 un ordinateur portable et le montant de 300.000 Fcfa. Ce web journaliste, intervenant \u00e0 woroba.net, a obtenu une moyenne de 11,5 sur 20.<\/p>\n<p>Le Prix Alfred Dan Moussa du meilleur journaliste web pour la promotion de la paix et de l\u2019int\u00e9gration dans l\u2019espace CEDEAO, institu\u00e9 en 2008, vise notamment \u00e0 amener les journalistes \u00e0 des actes \u00e9ditoriaux qui poussent \u00e0 tourner le dos \u00e0 la violence et \u00e0 favoriser la coh\u00e9sion. \u00a0<\/p>\n<p>Quant au Prix Samba Kon\u00e9 de la meilleure entreprise de presse num\u00e9rique, institu\u00e9 en 2016, il a pour but d\u2019encourager des promoteurs \u00e0 asseoir des soci\u00e9t\u00e9s l\u00e9galement constitu\u00e9es, viables, qui innovent et \u00e9pousent l\u2019\u00e8re des nouvelles technologies.<\/p>\n<p>Le Prix Samba Kon\u00e9 pour l\u2019\u00e9dition 2020 n\u2019a pas \u00e9t\u00e9 attribu\u00e9, a fait savoir la pr\u00e9sidente du jury, \u00a0Marceline Gneproust. Elle a indiqu\u00e9 que les entreprises visit\u00e9es ne remplissaient pas tous les standards de cet Award.<\/p>\n<p>Expliquant les raisons, M. Samba Kon\u00e9, pr\u00e9sident de l\u2019Autorit\u00e9 nationale de la presse (ANP, r\u00e9gulateur) a d\u00e9clar\u00e9 que le jury, certes, travaille sur ses crit\u00e8res propres, mais ces crit\u00e8res doivent r\u00e9pondre favorablement \u00e0 ceux de l\u2019ANP sur plan \u00e9ditorial et de la structure de l\u2019entreprise.\u00a0<\/p>\n<p>Cependant, sur les quatre m\u00e9dias en ligne nomin\u00e9s pour le Prix Samba Kon\u00e9, notamment IvoireHandicapTV.net et Woroba.net ont re\u00e7u un ordinateur portable chacun, en guise d\u2019encouragement \u00e0 mieux se projeter en termes de structuration.<\/p>\n<p>\u00ab\u00a0Je suis tr\u00e8s \u00e9mu, tr\u00e8s heureux de remporter un prix d\u00e9di\u00e9 \u00e0 la promotion de la paix\u00a0\u00bb, a l\u00e2ch\u00e9 M. Jonas Baikeh. Dans le cadre des r\u00e9centes violences \u00e9lectorales li\u00e9es \u00e0 la pr\u00e9sidentielle, il s\u2019\u00e9tait rendu \u00e0 Daoukro (Centre-Est) et \u00e0 Toumodi (Centre) pour produire un reportage vid\u00e9o sur les heurts.<\/p>\n<p>Le directeur de Cabinet du ministre de la Communication et des m\u00e9dias, Jean Martial Adou, repr\u00e9sentant le ministre, a salu\u00e9 ces prix qui viennent \u00ab\u00a0confirmer\u00a0\u00bb que la presse en ligne, dans l\u2019\u00e9cosyst\u00e8me, est engag\u00e9e \u00e0 respecter la r\u00e8gle de l\u2019\u00e9thique et de la d\u00e9ontologie.<\/p>\n<p>Il a en outre salu\u00e9 l\u2019initiative du REPPRELCI visant \u00e0 lutter contre les fake news, des informations fausses diffus\u00e9es sur le web, avant d\u2019ajouter que le minist\u00e8re de la Communication et des m\u00e9dias l\u2019accompagnera dans la mesure du possible le secteur.\u00a0<\/p>\n<p>Selon M. Lassina Serm\u00e9, ces deux prix portant les noms de ces deux ic\u00f4nes de la presse en C\u00f4te d\u2019Ivoire, ont pour but de \u00ab\u00a0p\u00e9renniser\u00a0\u00bb leurs valeurs et riches exp\u00e9riences, invitant les jeunes g\u00e9n\u00e9rations \u00e0 s\u2019inspirer de d\u2019eux. \u00a0<\/p>\n<p>Le vice-pr\u00e9sident de Huawei, en charge des relations publiques en Afrique subsaharienne, Lo\u00efse Tamalgo, au nom des partenaires et soutiens du REPPRELCI pour cette \u00e9dition, notamment la Compagnie ivoirienne de l\u2019\u00e9lectricit\u00e9 (CIE) et le ministre du P\u00e9trole, de l\u2019\u00e9nergie et des \u00e9nergies renouvelables Abdourahmane Ciss\u00e9, le styliste Melaine Koffi, a fait observer que la presse en ligne se positionne comme le leader de l\u2019information de demain.<\/p>\n<p>La presse \u00e9crite se num\u00e9rise, dira-t-il, et \u00ab\u00a0bient\u00f4t avec l\u2019intelligence artificielle et les bots, la presse audio-visuelle va \u00e9galement emprunter le pas\u00a0\u00bb dans l\u2019\u00e9lan de cette digitalisation.<\/p>\n<p>\u00ab\u00a0Aujourd\u2019hui 535 millions d\u2019africains utilisent le t\u00e9l\u00e9phone, et le mobile a contribu\u00e9 a cr\u00e9\u00e9 1.3 million d\u2019emplois directs et 2.8 millions d\u2019emplois indirects en Afrique sub saharienne selon la GSMA\u00a0\u00bb, a indiqu\u00e9 M. Tamalgo.\u00a0<\/p>\n<p>\u00ab\u00a0En 2020, la contribution du num\u00e9rique au PIB en Afrique sub saharienne sera d\u2019environ 142 milliards de dollars am\u00e9ricains, ce qui repr\u00e9sente environ 76 680 milliards de francs cfa, soit 8.6%, ce qui signifie toute l\u2019importance et les opportunit\u00e9s qu\u2019offre le num\u00e9rique\u00a0\u00bb, a-t-il relev\u00e9.\u00a0<\/p>\n<p>La presse en ligne est \u00ab\u00a0la presse de demain et va gagner en importance de plus en plus\u00a0\u00bb, c\u2019est pourquoi \u00ab\u00a0il est important de cultiver les talents de nos valeureux journalistes pour accompagner ce changement in\u00e9vitable\u00a0\u00bb, a-t-il poursuivi.<\/p>\n<p>Le Prix Alfred Dan Moussa du meilleur journaliste web pour la promotion de la paix et de l\u2019int\u00e9gration dans l\u2019espace CEDEAO est \u00e0 sa quatri\u00e8me \u00e9dition, tandis que le prix Samba Kon\u00e9 qui r\u00e9compense la meilleure entreprise de presse num\u00e9rique est \u00e0 sa deuxi\u00e8me \u00e9dition.<\/p>\n<p>Auteur: APA News<br \/>\n<a href=\"https:\/\/www.journalducameroun.com\/presse-numerique-livoirien-jonas-baikeh-remporte-le-prix-dan-moussa-2020-pour-la-promotion-de-la-paix\/\">Cliquez ici pour lire l&rsquo;article depuis sa source.<\/a><\/p>\n","protected":false},"excerpt":{"rendered":"<p>Le journaliste ivoirien Jonas Baikeh a remport\u00e9, samedi soir, la 4e \u00e9dition du Prix Alfred Dan Moussa du meilleur journaliste web pour la promotion de la paix et de l\u2019int\u00e9gration dans l\u2019espace de la Communaut\u00e9 \u00e9conomique des Etats de l\u2019Afrique (CEDEAO) organis\u00e9e par le R\u00e9seau des professionnels de la presse en ligne en C\u00f4te d\u2019Ivoire [&hellip;]<\/p>\n","protected":false},"author":1965,"featured_media":0,"comment_status":"closed","ping_status":"closed","sticky":false,"template":"","format":"standard","meta":{"fifu_image_url":"","fifu_image_alt":"","footnotes":""},"categories":[73,82],"tags":[],"class_list":["post-107647","post","type-post","status-publish","format-standard","hentry","category-actualite","category-cameroun"],"_links":{"self":[{"href":"https:\/\/linitiative.ca\/International\/wp-json\/wp\/v2\/posts\/107647","targetHints":{"allow":["GET"]}}],"collection":[{"href":"https:\/\/linitiative.ca\/International\/wp-json\/wp\/v2\/posts"}],"about":[{"href":"https:\/\/linitiative.ca\/International\/wp-json\/wp\/v2\/types\/post"}],"author":[{"embeddable":true,"href":"https:\/\/linitiative.ca\/International\/wp-json\/wp\/v2\/users\/1965"}],"replies":[{"embeddable":true,"href":"https:\/\/linitiative.ca\/International\/wp-json\/wp\/v2\/comments?post=107647"}],"version-history":[{"count":0,"href":"https:\/\/linitiative.ca\/International\/wp-json\/wp\/v2\/posts\/107647\/revisions"}],"wp:attachment":[{"href":"https:\/\/linitiative.ca\/International\/wp-json\/wp\/v2\/media?parent=107647"}],"wp:term":[{"taxonomy":"category","embeddable":true,"href":"https:\/\/linitiative.ca\/International\/wp-json\/wp\/v2\/categories?post=107647"},{"taxonomy":"post_tag","embeddable":true,"href":"https:\/\/linitiative.ca\/International\/wp-json\/wp\/v2\/tags?post=107647"}],"curies":[{"name":"wp","href":"https:\/\/api.w.org\/{rel}","templated":true}]}}