{"id":107665,"date":"2020-12-21T06:40:00","date_gmt":"2020-12-21T11:40:00","guid":{"rendered":"https:\/\/linitiative.ca\/International\/le-parquet-requiert-5-ans-de-prison-contre-walid-kechida\/"},"modified":"2020-12-21T06:40:00","modified_gmt":"2020-12-21T11:40:00","slug":"le-parquet-requiert-5-ans-de-prison-contre-walid-kechida","status":"publish","type":"post","link":"https:\/\/linitiative.ca\/International\/le-parquet-requiert-5-ans-de-prison-contre-walid-kechida\/","title":{"rendered":"Le parquet requiert 5 ans de prison contre Walid Kechida"},"content":{"rendered":"<div id=\"originalText\" readability=\"47\">\n<p>Le procureur de la r\u00e9publique pr\u00e8s le tribunal de S\u00e9tif a requis, ce lundi, cinq ans de prison ferme et une amende de 500.000 DA \u00e0 l\u2019encontre de l\u2019artiste Walid Kechida. Le verdict est attendu pour le 4 janvier 2021, a fait savoir le comit\u00e9 national pour la lib\u00e9ration des d\u00e9tenus (CNLD).<\/p>\n<p>Le jeune militant et activiste du Hirak est accus\u00e9 d\u2019\u00ab atteinte \u00e0 corps constitu\u00e9 \u00bb, \u00ab outrage et offense au pr\u00e9sident de la r\u00e9publique \u00bb et \u00ab atteinte \u00e0 l\u2019entit\u00e9 divine\u00a0\u00bb.<\/p>\n<p>Pour rappel, le cr\u00e9ateur de la page Facebook \u00ab\u00a0Hirak memes\u00a0\u00bb, en prison depuis le 27 avril, a vu la dur\u00e9e de sa d\u00e9tention provisoire prolong\u00e9e de 4 mois suppl\u00e9mentaires le 24 aout dernier.\u00a0<\/p>\n<p class=\"c6\"><strong>R\u00e9daction\u00a0 Web<\/strong><\/p>\n<\/div>\n<div id=\"text_core\" readability=\"47\">\n<p>Le procureur de la r\u00e9publique pr\u00e8s le tribunal de S\u00e9tif a requis, ce lundi, cinq ans de prison ferme et une amende de 500.000 DA \u00e0 l\u2019encontre de l\u2019artiste Walid Kechida. Le verdict est attendu pour le 4 janvier 2021, a fait savoir le comit\u00e9 national pour la lib\u00e9ration des d\u00e9tenus (CNLD).<\/p>\n<p>Le jeune militant et activiste du Hirak est accus\u00e9 d\u2019\u00ab atteinte \u00e0 corps constitu\u00e9 \u00bb, \u00ab outrage et offense au pr\u00e9sident de la r\u00e9publique \u00bb et \u00ab atteinte \u00e0 l\u2019entit\u00e9 divine\u00a0\u00bb.<\/p>\n<p>Pour rappel, le cr\u00e9ateur de la page Facebook \u00ab\u00a0Hirak memes\u00a0\u00bb, en prison depuis le 27 avril, a vu la dur\u00e9e de sa d\u00e9tention provisoire prolong\u00e9e de 4 mois suppl\u00e9mentaires le 24 aout dernier.\u00a0<\/p>\n<p class=\"c6\"><strong>R\u00e9daction\u00a0 Web<\/strong><\/p>\n<\/div>\n<p>Auteur:<br \/>\n<a href=\"https:\/\/www.liberte-algerie.com\/actualite\/le-parquet-requiert-5-ans-de-prison-contre-walid-kechida-351104\">Cliquez ici pour lire l&rsquo;article depuis sa source.<\/a><\/p>\n","protected":false},"excerpt":{"rendered":"<p>Le procureur de la r\u00e9publique pr\u00e8s le tribunal de S\u00e9tif a requis, ce lundi, cinq ans de prison ferme et une amende de 500.000 DA \u00e0 l\u2019encontre de l\u2019artiste Walid Kechida. Le verdict est attendu pour le 4 janvier 2021, a fait savoir le comit\u00e9 national pour la lib\u00e9ration des d\u00e9tenus (CNLD). Le jeune militant [&hellip;]<\/p>\n","protected":false},"author":1742,"featured_media":0,"comment_status":"closed","ping_status":"closed","sticky":false,"template":"","format":"standard","meta":{"fifu_image_url":"","fifu_image_alt":"","footnotes":""},"categories":[73,53],"tags":[],"class_list":["post-107665","post","type-post","status-publish","format-standard","hentry","category-actualite","category-algerie"],"_links":{"self":[{"href":"https:\/\/linitiative.ca\/International\/wp-json\/wp\/v2\/posts\/107665","targetHints":{"allow":["GET"]}}],"collection":[{"href":"https:\/\/linitiative.ca\/International\/wp-json\/wp\/v2\/posts"}],"about":[{"href":"https:\/\/linitiative.ca\/International\/wp-json\/wp\/v2\/types\/post"}],"author":[{"embeddable":true,"href":"https:\/\/linitiative.ca\/International\/wp-json\/wp\/v2\/users\/1742"}],"replies":[{"embeddable":true,"href":"https:\/\/linitiative.ca\/International\/wp-json\/wp\/v2\/comments?post=107665"}],"version-history":[{"count":0,"href":"https:\/\/linitiative.ca\/International\/wp-json\/wp\/v2\/posts\/107665\/revisions"}],"wp:attachment":[{"href":"https:\/\/linitiative.ca\/International\/wp-json\/wp\/v2\/media?parent=107665"}],"wp:term":[{"taxonomy":"category","embeddable":true,"href":"https:\/\/linitiative.ca\/International\/wp-json\/wp\/v2\/categories?post=107665"},{"taxonomy":"post_tag","embeddable":true,"href":"https:\/\/linitiative.ca\/International\/wp-json\/wp\/v2\/tags?post=107665"}],"curies":[{"name":"wp","href":"https:\/\/api.w.org\/{rel}","templated":true}]}}