{"id":107670,"date":"2020-12-21T06:51:01","date_gmt":"2020-12-21T11:51:01","guid":{"rendered":"https:\/\/linitiative.ca\/International\/zones-dombre-un-dossier-hautement-prioritaire-pour-le-president-tebboune\/"},"modified":"2020-12-21T06:51:01","modified_gmt":"2020-12-21T11:51:01","slug":"zones-dombre-un-dossier-hautement-prioritaire-pour-le-president-tebboune","status":"publish","type":"post","link":"https:\/\/linitiative.ca\/International\/zones-dombre-un-dossier-hautement-prioritaire-pour-le-president-tebboune\/","title":{"rendered":"Zones d&rsquo;ombre: un dossier hautement prioritaire pour le Pr\u00e9sident Tebboune"},"content":{"rendered":"<div readability=\"37\">\n<p><strong>ALGER &#8211; Le dossier du d\u00e9veloppement des zones d&rsquo;ombre \u00e0 travers le territoire national arrive en t\u00eate des priorit\u00e9s inscrites dans le programme du pr\u00e9sident de la R\u00e9publique, Abdelmadjid Tebboune, qui n&rsquo;a eu de cesse d&rsquo;affirmer depuis son investiture \u00e0 la magistrature supr\u00eame du pays que l&rsquo;\u00e9dification de l&rsquo;Alg\u00e9rie nouvelle \u00ab\u00a0ne saurait se concr\u00e9tiser sans la promotion de ces zones et la prise en charge de leurs populations\u00a0\u00bb.<\/strong><\/p>\n<\/div>\n<div readability=\"132.45417316693\">\n<p>Lors de la rencontre gouvernement-walis, tenue en f\u00e9vrier dernier, le Pr\u00e9sident Tebboune avait ordonn\u00e9 la r\u00e9alisation d\u2019un recensement global des zones d&rsquo;ombre, partant de sa conviction qu\u2019\u00a0\u00bbon ne saurait parler de nouvelle Alg\u00e9rie sans le d\u00e9veloppement de ces r\u00e9gions\u00a0\u00bb.<\/p>\n<p>En effet, le pr\u00e9sident de la R\u00e9publique a estim\u00e9 que la situation pr\u00e9valant dans certaines r\u00e9gions du pays \u00e9tait \u00ab\u00a0inacceptable\u00a0\u00bb au regard de \u00ab\u00a0tous les moyens dont nous disposons pour y rem\u00e9dier\u00a0\u00bb, exhortant les responsables locaux \u00e0 \u00ab\u00a0prendre en charge les cat\u00e9gories vuln\u00e9rables\u00a0\u00bb et \u00e0 \u00ab\u00a0en faire une priorit\u00e9\u00a0\u00bb.<\/p>\n<blockquote readability=\"12\">\n<p><strong><em>Le Pr\u00e9sident Tebboune, qui conna\u00eet bien l\u2019Alg\u00e9rie profonde et les conditions dans lesquelles vit sa population, de par son parcours professionnel \u00e0 travers plusieurs wilayas et da\u00efras du pays, a ordonn\u00e9 la r\u00e9alisation d\u2019un reportage sur les r\u00e9gions rurales et enclav\u00e9es d&rsquo;Alg\u00e9rie, lequel a \u00e9t\u00e9 projet\u00e9 lors de la rencontre susmentionn\u00e9e.<\/em><\/strong><\/p>\n<\/blockquote>\n<p>Apr\u00e8s la projection, le pr\u00e9sident de la R\u00e9publique a insist\u00e9 sur l\u2019imp\u00e9ratif d&rsquo;assurer les conditions d\u2019une vie d\u00e9cente aux populations des zones d\u2019ombre, pr\u00e9venant que l\u2019Etat s\u00e9vira contre les responsables n\u00e9gligents et saboteurs.<\/p>\n<p>Dans cette optique, l\u2019Etat s\u2019emploie \u00e0 mettre en \u0153uvre nombre de projets dans un \u00ab\u00a0court d\u00e9lai\u00a0\u00bb et \u00e0 aplanir les difficult\u00e9s sur lesquelles butent les efforts de d\u00e9veloppement en vue d&rsquo;am\u00e9liorer les conditions de vie des populations de ces r\u00e9gions, notamment en termes de raccordement aux r\u00e9seaux d\u2019AEP et d\u2019assainissement, de r\u00e9alisation de routes rurales, de salles de soins et d\u2019\u00e9coles primaires et de soutien \u00e0 l\u2019habitat rural.<\/p>\n<p>Selon les chiffres d\u00e9voil\u00e9s r\u00e9cemment par le conseiller du Pr\u00e9sident de la R\u00e9publique charg\u00e9 des zones d&rsquo;ombre, Brahim Merrad, l\u2019Etat a consacr\u00e9 une enveloppe de plus de 184 milliards de DA \u00e0 la r\u00e9alisation de 12.489 projets de d\u00e9veloppement sur pr\u00e8s de 33.000 projets destin\u00e9s aux zones d\u2019ombre au niveau national.<\/p>\n<p>Il a \u00e9galement fait \u00e9tat de l\u2019ouverture d\u2019ateliers pour la \u00ab\u00a0refonte de la fiscalit\u00e9 locale\u00a0\u00bb, permettant aux communes d&rsquo;avoir de la ressource financi\u00e8re.<\/p>\n<hr\/>\n<p><strong>Lire aussi:\u00a0<a href=\"http:\/\/www.aps.dz\/regions\/114449-gaz-electricite-la-priorite-accordee-aux-projets-dans-les-zones-d-ombres\">Gaz\/\u00e9lectricit\u00e9: la priorit\u00e9 accord\u00e9e aux projets dans les\u00a0<span class=\"highlight\">zones<\/span>\u00a0<span class=\"highlight\">d&rsquo;ombre<\/span><\/a><\/strong><\/p>\n<hr\/>\n<p>Ses sorties sur terrain effectu\u00e9es dans les diff\u00e9rentes r\u00e9gions du pays tout au long de ces derniers mois ont permis de recenser plus de 15.000 zones d\u2019ombre avec une population de pr\u00e8s de 8 millions d\u2019habitants.<\/p>\n<p>De surcroit, plus de 50% des projets de d\u00e9veloppement orient\u00e9s vers ces zones devront \u00eatre r\u00e9alis\u00e9s d\u2019ici la fin de l\u2019ann\u00e9e en cours, pour faire de l\u2019an 2021 \u00ab\u00a0une ann\u00e9e des zones d\u2019ombre par excellence\u00a0\u00bb.<\/p>\n<p>Soulignant que l\u2019Etat n\u2019a pas consacr\u00e9 un Fonds au d\u00e9veloppement des zones d\u2019ombre, M. Merrad a fait savoir que ces projets avaient \u00e9t\u00e9 financ\u00e9s \u00e0 partir de ressources disponibles dans le cadre des budgets des wilayas en sus de la Caisse de solidarit\u00e9 et de garantie des collectivit\u00e9s locales et autres. \u00ab\u00a0Des fonds qui n\u2019avaient pas \u00e9t\u00e9 convenablement r\u00e9partis pour la r\u00e9alisation des projets socio-\u00e9conomiques programm\u00e9s en faveur des zones d\u2019ombre\u00a0\u00bb, a-t-il ajout\u00e9.<\/p>\n<p>Le budget du minist\u00e8re de l&rsquo;Int\u00e9rieur comprend, au titre de la loi de Finances 2021, une enveloppe de 100 milliards de DA pour les Plans communaux de d\u00e9veloppement (PCD), dont 50 milliards de DA serviront \u00e0 la couverture des besoins des projets des zones d&rsquo;ombre, qui b\u00e9n\u00e9ficieront d\u2019autres enveloppes que devront consacrer les secteurs socio\u00e9conomiques.<\/p>\n<p>Concernant l\u2019\u00e9tat d\u2019avancement des projets financ\u00e9s au profit de diff\u00e9rentes zones d\u2019ombre dans le cadre du programme du gouvernement, 5171 projets (41%) ont \u00e9t\u00e9 achev\u00e9s avec un montant de pr\u00e8s de 55 milliards de DA, 4.309 projets (35%) sont en cours de r\u00e9alisation et 3.010 devraient \u00eatre lanc\u00e9s, depuis la d\u00e9cision prise par le Pr\u00e9sident Tebboune en f\u00e9vrier dernier concernant les zones d\u2019ombre.<\/p>\n<blockquote readability=\"9\">\n<p><em><strong>Ces projets ont permis d&rsquo;insuffler une v\u00e9ritable dynamique de d\u00e9veloppement dans les zones d&rsquo;ombre \u00e0 travers le pays, jamais connue auparavant. Une dynamique ayant pour seul objectif d\u2019assurer une vie d\u00e9cente aux citoyens et garantir une r\u00e9partition \u00e9quitable des richesses du pays entre les diff\u00e9rentes r\u00e9gions du pays.<\/strong><\/em><\/p>\n<\/blockquote>\n<p>Marginalis\u00e9es des d\u00e9cennies durant, ces zones vivent d\u00e9sormais au rythme d\u2019une r\u00e9volution du d\u00e9veloppement avec un modeste co\u00fbt financier, dans un laps de temps relativement court et avec un impact efficace et direct sur les habitants.<\/p>\n<p>Conscient de l&rsquo;importance des collectivit\u00e9s locales, le Pr\u00e9sident Tebboune avait fait de ce dossier \u00ab\u00a0une priorit\u00e9\u00a0\u00bb durant sa campagne \u00e9lectorale, annon\u00e7ant de \u00ab\u00a0nouvelles mesures juridiques\u00a0\u00bb en faveur du renforcement de la gestion d\u00e9centralis\u00e9e des collectivit\u00e9s locales, le mode de gestion actuel ayant \u00ab\u00a0montr\u00e9 ses limites\u00a0\u00bb.<\/p>\n<p>\u00ab\u00a0Le principal et unique objectif\u00a0\u00bb de cette d\u00e9marche consiste, assure le chef de l&rsquo;Etat, \u00e0 \u00ab\u00a0prendre en charge le seul int\u00e9r\u00eat du citoyen\u00a0\u00bb, \u00e0 la faveur d\u2019un d\u00e9veloppement durable suivant une justice sociale conforme aux exigences de l\u2019Etat de droit.<\/p>\n<\/div>\n<p>Auteur:<br \/>\n<a href=\"http:\/\/www.aps.dz\/regions\/114630-zones-d-ombre-un-dossier-hautement-prioritaire-pour-le-president-tebboune\">Cliquez ici pour lire l&rsquo;article depuis sa source.<\/a><\/p>\n","protected":false},"excerpt":{"rendered":"<p>ALGER &#8211; Le dossier du d\u00e9veloppement des zones d&rsquo;ombre \u00e0 travers le territoire national arrive en t\u00eate des priorit\u00e9s inscrites dans le programme du pr\u00e9sident de la R\u00e9publique, Abdelmadjid Tebboune, qui n&rsquo;a eu de cesse d&rsquo;affirmer depuis son investiture \u00e0 la magistrature supr\u00eame du pays que l&rsquo;\u00e9dification de l&rsquo;Alg\u00e9rie nouvelle \u00ab\u00a0ne saurait se concr\u00e9tiser sans [&hellip;]<\/p>\n","protected":false},"author":1790,"featured_media":0,"comment_status":"closed","ping_status":"closed","sticky":false,"template":"","format":"standard","meta":{"fifu_image_url":"","fifu_image_alt":"","footnotes":""},"categories":[53,76],"tags":[],"class_list":["post-107670","post","type-post","status-publish","format-standard","hentry","category-algerie","category-regions"],"_links":{"self":[{"href":"https:\/\/linitiative.ca\/International\/wp-json\/wp\/v2\/posts\/107670","targetHints":{"allow":["GET"]}}],"collection":[{"href":"https:\/\/linitiative.ca\/International\/wp-json\/wp\/v2\/posts"}],"about":[{"href":"https:\/\/linitiative.ca\/International\/wp-json\/wp\/v2\/types\/post"}],"author":[{"embeddable":true,"href":"https:\/\/linitiative.ca\/International\/wp-json\/wp\/v2\/users\/1790"}],"replies":[{"embeddable":true,"href":"https:\/\/linitiative.ca\/International\/wp-json\/wp\/v2\/comments?post=107670"}],"version-history":[{"count":0,"href":"https:\/\/linitiative.ca\/International\/wp-json\/wp\/v2\/posts\/107670\/revisions"}],"wp:attachment":[{"href":"https:\/\/linitiative.ca\/International\/wp-json\/wp\/v2\/media?parent=107670"}],"wp:term":[{"taxonomy":"category","embeddable":true,"href":"https:\/\/linitiative.ca\/International\/wp-json\/wp\/v2\/categories?post=107670"},{"taxonomy":"post_tag","embeddable":true,"href":"https:\/\/linitiative.ca\/International\/wp-json\/wp\/v2\/tags?post=107670"}],"curies":[{"name":"wp","href":"https:\/\/api.w.org\/{rel}","templated":true}]}}