{"id":107681,"date":"2020-12-21T11:00:00","date_gmt":"2020-12-21T16:00:00","guid":{"rendered":"https:\/\/linitiative.ca\/International\/mohamed-salah-ouvre-la-porte-au-real-et-au-barca\/"},"modified":"2020-12-21T11:00:00","modified_gmt":"2020-12-21T16:00:00","slug":"mohamed-salah-ouvre-la-porte-au-real-et-au-barca","status":"publish","type":"post","link":"https:\/\/linitiative.ca\/International\/mohamed-salah-ouvre-la-porte-au-real-et-au-barca\/","title":{"rendered":"Mohamed Salah  ouvre la porte au Real et au Bar\u00e7a"},"content":{"rendered":"<p class=\"p1 c3\"><span class=\"c2\">L&rsquo;attaquant star de Liverpool ne sait pas de quoi son avenir sera fait. Une chose est s\u00fbre, il ne ferme pas la porte \u00e0 un d\u00e9part futur vers la Liga.<\/span><\/p>\n<p class=\"p1 c3\"><span class=\"c2\">La star de Liverpool, Mohamed Salah, a refus\u00e9 d&rsquo;exclure un transfert vers les grands noms de de la Liga, le Real Madrid ou Barcelone. R\u00e9v\u00e9lation depuis qu&rsquo;il a rejoint Liverpool en provenance de la Serie A en 2017, l&rsquo;ancien de l&rsquo;AS Roma a notamment men\u00e9 Liverpool \u00e0 la gloire en Ligue des champions comme en Premier League.<\/span><\/p>\n<p class=\"p1 c3\"><span class=\"c2\">Les exploits de l&rsquo;international \u00e9gyptien ne sont pas pass\u00e9s inaper\u00e7us \u00e0 Anfield au milieu des sp\u00e9culations le liant aux g\u00e9ants espagnols de Madrid et Barcelone. Lorsqu&rsquo;on lui a demand\u00e9 s&rsquo;il pouvait exclure un transfert vers l&rsquo;un de ces deux clubs, Salah a d\u00e9clar\u00e9 \u00e0 Diario AS : \u00ab\u00a0Je pense que Madrid et Barcelone sont deux grands clubs\u00a0\u00bb.<\/span><\/p>\n<p class=\"p2 c4\">\u00a0<\/p>\n<p class=\"p3 c5\"><span class=\"c2\"><strong>\u00ab\u00a0Tout est entre les mains<span class=\"Apple-converted-space\">\u00a0<\/span><\/strong><\/span><\/p>\n<p class=\"p3 c5\"><span class=\"c2\"><strong>du club\u00a0\u00bb<\/strong><\/span><\/p>\n<p class=\"p1 c3\"><span class=\"c2\">\u00ab\u00a0Qui sait ce qui va se passer dans le futur ? Mais en ce moment je me concentre sur la victoire de nouveau en Premier League et en Ligue des champions avec Liverpool\u00a0\u00bb, a ensuite ajout\u00e9 l&rsquo;ailier, qui ne sait pas combien de temps il restera dans l&rsquo;\u00e9quipe entra\u00een\u00e9e par J\u00fcrgen Klopp. \u00ab\u00a0<\/span><\/p>\n<p class=\"p1 c3\"><span class=\"c2\">C&rsquo;est une question difficile, mais pour le moment, je peux dire que tout est entre les mains du club. Bien s\u00fbr, je veux battre des records ici et, je le r\u00e9p\u00e8te, tous les records du club, mais tout est entre les mains du club\u00a0\u00bb, a-t-il lanc\u00e9.<\/span><\/p>\n<p class=\"p1 c3\"><span class=\"c2\">Salah a marqu\u00e9 11 buts en Premier League pour le champion en titre cette saison, le dernier sur une frappe d\u00e9vi\u00e9e lors de la victoire 2-1 contre les rivaux de Tottenham en milieu de semaine. Le joueur de 28 ans en a marqu\u00e9 14 toutes comp\u00e9titions confondues, avant le match d\u2019hier contre Crystal Palace.<\/span><\/p>\n<p class=\"p1 c3\"><span class=\"c2\">En 21 matches de Premier League en d\u00e9cembre, Salah a marqu\u00e9 17 buts et en a d\u00e9livr\u00e9 neuf passes d\u00e9cisives, \u00e9tant d\u00e9cisif toutes les 66 minutes. C&rsquo;est son meilleur ratio d&rsquo;implication de buts sur un mois, selon Opta. S&rsquo;il aime briller avant les f\u00eates, Mohamed Salah a surtout envie de succ\u00e8s collectifs, lui qui r\u00eave de gagner d&rsquo;autres titres.<\/span><\/p>\n<p class=\"p1 c3\"><span class=\"c2\">\u00ab\u00a0Je voudrais battre tous les records du club, ce serait bien. Mais oui, c&rsquo;est comme je l&rsquo;ai dit, l&rsquo;\u00e9quipe vient en premier, avant tout record. Mais battre des records et gagner des matchs, c&rsquo;est bien aussi. Je pense qu&rsquo;il est un peu t\u00f4t pour dire que Liverpool est le favori, mais oui, nous nous d\u00e9brouillons bien comme les autres \u00e9quipes. J&rsquo;esp\u00e8re que nous avons les meilleures chances de gagner\u00a0\u00bb, a enfin d\u00e9clar\u00e9 l&rsquo;Egyptien. \u00c0 la lutte avec les Spurs en t\u00eate de la Premier League, les Reds sont effectivement bien plac\u00e9s !<\/span><\/p>\n<p>Auteur: letemps1<br \/>\n<a href=\"http:\/\/www.letemps.com.tn\/article\/118561\/mohamed-salah-ouvre-la-porte-au-real-et-au-bar%C3%A7a\">Cliquez ici pour lire l&rsquo;article depuis sa source.<\/a><\/p>\n","protected":false},"excerpt":{"rendered":"<p>L&rsquo;attaquant star de Liverpool ne sait pas de quoi son avenir sera fait. Une chose est s\u00fbre, il ne ferme pas la porte \u00e0 un d\u00e9part futur vers la Liga. La star de Liverpool, Mohamed Salah, a refus\u00e9 d&rsquo;exclure un transfert vers les grands noms de de la Liga, le Real Madrid ou Barcelone. R\u00e9v\u00e9lation [&hellip;]<\/p>\n","protected":false},"author":1773,"featured_media":0,"comment_status":"closed","ping_status":"closed","sticky":false,"template":"","format":"standard","meta":{"fifu_image_url":"","fifu_image_alt":"","footnotes":""},"categories":[73,55],"tags":[],"class_list":["post-107681","post","type-post","status-publish","format-standard","hentry","category-actualite","category-tunisie"],"_links":{"self":[{"href":"https:\/\/linitiative.ca\/International\/wp-json\/wp\/v2\/posts\/107681","targetHints":{"allow":["GET"]}}],"collection":[{"href":"https:\/\/linitiative.ca\/International\/wp-json\/wp\/v2\/posts"}],"about":[{"href":"https:\/\/linitiative.ca\/International\/wp-json\/wp\/v2\/types\/post"}],"author":[{"embeddable":true,"href":"https:\/\/linitiative.ca\/International\/wp-json\/wp\/v2\/users\/1773"}],"replies":[{"embeddable":true,"href":"https:\/\/linitiative.ca\/International\/wp-json\/wp\/v2\/comments?post=107681"}],"version-history":[{"count":0,"href":"https:\/\/linitiative.ca\/International\/wp-json\/wp\/v2\/posts\/107681\/revisions"}],"wp:attachment":[{"href":"https:\/\/linitiative.ca\/International\/wp-json\/wp\/v2\/media?parent=107681"}],"wp:term":[{"taxonomy":"category","embeddable":true,"href":"https:\/\/linitiative.ca\/International\/wp-json\/wp\/v2\/categories?post=107681"},{"taxonomy":"post_tag","embeddable":true,"href":"https:\/\/linitiative.ca\/International\/wp-json\/wp\/v2\/tags?post=107681"}],"curies":[{"name":"wp","href":"https:\/\/api.w.org\/{rel}","templated":true}]}}