{"id":107682,"date":"2020-12-21T11:00:00","date_gmt":"2020-12-21T16:00:00","guid":{"rendered":"https:\/\/linitiative.ca\/International\/le-senegalais-moussa-wague-pourrait-ne-plus-rejouer-au-football\/"},"modified":"2020-12-21T11:00:00","modified_gmt":"2020-12-21T16:00:00","slug":"le-senegalais-moussa-wague-pourrait-ne-plus-rejouer-au-football","status":"publish","type":"post","link":"https:\/\/linitiative.ca\/International\/le-senegalais-moussa-wague-pourrait-ne-plus-rejouer-au-football\/","title":{"rendered":"Le S\u00e9n\u00e9galais Moussa Wagu\u00e9  pourrait ne plus rejouer au football"},"content":{"rendered":"<p class=\"p1 c3\"><span class=\"c2\">Apr\u00e8s sa grave blessure intervenue il y a quelques jours dans le championnat grec, Moussa Wagu\u00e9 pourrait ne plus rejouer au foot. C\u2019est l\u2019hypoth\u00e8se qu\u2019avancent certains m\u00e9dias en Espagne.<\/span><\/p>\n<p class=\"p1 c3\"><span class=\"c2\">Pr\u00eat\u00e9 au PAOK Salonique par le FC Barcelone, Le d\u00e9fenseur s\u00e9n\u00e9galais passait une saison tranquille avec le club grec<span class=\"Apple-converted-space\">\u00a0<\/span> jusqu\u2019\u00e0 ce derby de Thessalonique qui l\u2019a vu se blesser gravement en voulant sauver un but.<span class=\"Apple-converted-space\">\u00a0<\/span><\/span><\/p>\n<p class=\"p1 c3\"><span class=\"c2\">Les examens m\u00e9dicaux r\u00e9alis\u00e9s apr\u00e8s cette blessure ont r\u00e9v\u00e9l\u00e9 que Wagu\u00e9 s\u2019est rompu le tendon rotulien et le ligament crois\u00e9 lat\u00e9ral, post\u00e9rieur et ant\u00e9rieur de son genou droit et ne rejouera plus cette saison.<\/span><\/p>\n<p class=\"p1 c3\"><span class=\"c2\">Mais revenant sur le sujet, le quotidien catalan Sport a indiqu\u00e9 qu\u2019il y avait de s\u00e9rieux doutes que Moussa Wagu\u00e9 puisse reprendre sa carri\u00e8re dans l\u2019\u00e9lite. Le journal soutient que la blessure du S\u00e9n\u00e9galais pourrait \u00eatre beaucoup plus grave que ce qui avait \u00e9t\u00e9 initialement indiqu\u00e9.<\/span><\/p>\n<p>Auteur: letemps1<br \/>\n<a href=\"http:\/\/www.letemps.com.tn\/article\/118562\/le-s%C3%A9n%C3%A9galais-moussa-wagu%C3%A9-pourrait-ne-plus-rejouer-au-football\">Cliquez ici pour lire l&rsquo;article depuis sa source.<\/a><\/p>\n","protected":false},"excerpt":{"rendered":"<p>Apr\u00e8s sa grave blessure intervenue il y a quelques jours dans le championnat grec, Moussa Wagu\u00e9 pourrait ne plus rejouer au foot. C\u2019est l\u2019hypoth\u00e8se qu\u2019avancent certains m\u00e9dias en Espagne. Pr\u00eat\u00e9 au PAOK Salonique par le FC Barcelone, Le d\u00e9fenseur s\u00e9n\u00e9galais passait une saison tranquille avec le club grec\u00a0 jusqu\u2019\u00e0 ce derby de Thessalonique qui l\u2019a [&hellip;]<\/p>\n","protected":false},"author":1773,"featured_media":0,"comment_status":"closed","ping_status":"closed","sticky":false,"template":"","format":"standard","meta":{"fifu_image_url":"","fifu_image_alt":"","footnotes":""},"categories":[73,55],"tags":[],"class_list":["post-107682","post","type-post","status-publish","format-standard","hentry","category-actualite","category-tunisie"],"_links":{"self":[{"href":"https:\/\/linitiative.ca\/International\/wp-json\/wp\/v2\/posts\/107682","targetHints":{"allow":["GET"]}}],"collection":[{"href":"https:\/\/linitiative.ca\/International\/wp-json\/wp\/v2\/posts"}],"about":[{"href":"https:\/\/linitiative.ca\/International\/wp-json\/wp\/v2\/types\/post"}],"author":[{"embeddable":true,"href":"https:\/\/linitiative.ca\/International\/wp-json\/wp\/v2\/users\/1773"}],"replies":[{"embeddable":true,"href":"https:\/\/linitiative.ca\/International\/wp-json\/wp\/v2\/comments?post=107682"}],"version-history":[{"count":0,"href":"https:\/\/linitiative.ca\/International\/wp-json\/wp\/v2\/posts\/107682\/revisions"}],"wp:attachment":[{"href":"https:\/\/linitiative.ca\/International\/wp-json\/wp\/v2\/media?parent=107682"}],"wp:term":[{"taxonomy":"category","embeddable":true,"href":"https:\/\/linitiative.ca\/International\/wp-json\/wp\/v2\/categories?post=107682"},{"taxonomy":"post_tag","embeddable":true,"href":"https:\/\/linitiative.ca\/International\/wp-json\/wp\/v2\/tags?post=107682"}],"curies":[{"name":"wp","href":"https:\/\/api.w.org\/{rel}","templated":true}]}}