{"id":107683,"date":"2020-12-21T11:00:00","date_gmt":"2020-12-21T16:00:00","guid":{"rendered":"https:\/\/linitiative.ca\/International\/laurent-blanc-va-rebondir-au-qatar\/"},"modified":"2020-12-21T11:00:00","modified_gmt":"2020-12-21T16:00:00","slug":"laurent-blanc-va-rebondir-au-qatar","status":"publish","type":"post","link":"https:\/\/linitiative.ca\/International\/laurent-blanc-va-rebondir-au-qatar\/","title":{"rendered":"Laurent Blanc  va rebondir au Qatar"},"content":{"rendered":"<p class=\"p1 c3\"><span class=\"c2\">Selon les informations de RMC Sport, Laurent Blanc s\u2019appr\u00eate \u00e0 signer au Qatar pour devenir l\u2019entra\u00eeneur d\u2019Al-Rayyan. Franck Passi sera son adjoint.<\/span><\/p>\n<p class=\"p1 c3\"><span class=\"c2\">Au ch\u00f4mage depuis le 22 juin 2016 et son d\u00e9part du Paris Saint-Germain contre une belle indemnit\u00e9 de 22 millions d\u2019euros, Laurent Blanc a (enfin) retrouv\u00e9 un banc, selon les informations de RMC Sport.<\/span><\/p>\n<p class=\"p1 c3\"><span class=\"c2\">D\u2019apr\u00e8s nos confr\u00e8res, le technicien fran\u00e7ais s\u2019appr\u00eate \u00e0 s\u2019engager du c\u00f4t\u00e9\u2026 d\u2019Al-Rayyan, au Qatar. Le C\u00e9venol serait d\u00e9j\u00e0 sur place, en attendant son futur adjoint Franck Passi.<\/span><\/p>\n<p class=\"p1 c3\"><span class=\"c2\">La signature officielle devrait quant \u00e0 elle avoir lieu ce week-end, sauf retournement de situation.<\/span><\/p>\n<p class=\"p1 c3\"><span class=\"c2\">Une destination tout de m\u00eame \u00e9tonnante pour le champion du monde 1998, qui avait pr\u00e9f\u00e9r\u00e9 prendre du recul apr\u00e8s son d\u00e9part du PSG en 2016.<\/span><\/p>\n<p>Auteur: letemps1<br \/>\n<a href=\"http:\/\/www.letemps.com.tn\/article\/118563\/laurent-blanc-va-rebondir-au-qatar\">Cliquez ici pour lire l&rsquo;article depuis sa source.<\/a><\/p>\n","protected":false},"excerpt":{"rendered":"<p>Selon les informations de RMC Sport, Laurent Blanc s\u2019appr\u00eate \u00e0 signer au Qatar pour devenir l\u2019entra\u00eeneur d\u2019Al-Rayyan. Franck Passi sera son adjoint. Au ch\u00f4mage depuis le 22 juin 2016 et son d\u00e9part du Paris Saint-Germain contre une belle indemnit\u00e9 de 22 millions d\u2019euros, Laurent Blanc a (enfin) retrouv\u00e9 un banc, selon les informations de RMC [&hellip;]<\/p>\n","protected":false},"author":1773,"featured_media":0,"comment_status":"closed","ping_status":"closed","sticky":false,"template":"","format":"standard","meta":{"fifu_image_url":"","fifu_image_alt":"","footnotes":""},"categories":[73,55],"tags":[],"class_list":["post-107683","post","type-post","status-publish","format-standard","hentry","category-actualite","category-tunisie"],"_links":{"self":[{"href":"https:\/\/linitiative.ca\/International\/wp-json\/wp\/v2\/posts\/107683","targetHints":{"allow":["GET"]}}],"collection":[{"href":"https:\/\/linitiative.ca\/International\/wp-json\/wp\/v2\/posts"}],"about":[{"href":"https:\/\/linitiative.ca\/International\/wp-json\/wp\/v2\/types\/post"}],"author":[{"embeddable":true,"href":"https:\/\/linitiative.ca\/International\/wp-json\/wp\/v2\/users\/1773"}],"replies":[{"embeddable":true,"href":"https:\/\/linitiative.ca\/International\/wp-json\/wp\/v2\/comments?post=107683"}],"version-history":[{"count":0,"href":"https:\/\/linitiative.ca\/International\/wp-json\/wp\/v2\/posts\/107683\/revisions"}],"wp:attachment":[{"href":"https:\/\/linitiative.ca\/International\/wp-json\/wp\/v2\/media?parent=107683"}],"wp:term":[{"taxonomy":"category","embeddable":true,"href":"https:\/\/linitiative.ca\/International\/wp-json\/wp\/v2\/categories?post=107683"},{"taxonomy":"post_tag","embeddable":true,"href":"https:\/\/linitiative.ca\/International\/wp-json\/wp\/v2\/tags?post=107683"}],"curies":[{"name":"wp","href":"https:\/\/api.w.org\/{rel}","templated":true}]}}