{"id":107706,"date":"2020-12-21T09:13:59","date_gmt":"2020-12-21T14:13:59","guid":{"rendered":"https:\/\/linitiative.ca\/International\/ve-la-borne-de-recharge-intelligente-100-marocaine-voit-le-jour\/"},"modified":"2020-12-21T09:13:59","modified_gmt":"2020-12-21T14:13:59","slug":"ve-la-borne-de-recharge-intelligente-100-marocaine-voit-le-jour","status":"publish","type":"post","link":"https:\/\/linitiative.ca\/International\/ve-la-borne-de-recharge-intelligente-100-marocaine-voit-le-jour\/","title":{"rendered":"V\u00c9 : la borne de recharge intelligente 100% marocaine voit le jour"},"content":{"rendered":"<p><strong>La premi\u00e8re borne de recharge intelligente pour v\u00e9hicules \u00e9lectriques (V\u00c9) 100% marocaine \u00ab iSmart \u00bb a \u00e9t\u00e9 pr\u00e9sent\u00e9e, lundi 21 d\u00e9cembre 2020 au si\u00e8ge du minist\u00e8re de l\u2019Industrie, du Commerce et de l\u2019\u00c9conomie verte et num\u00e9rique (MCINET).<\/strong><\/p>\n<div class=\"c10\"\/>\n<p>Cette borne de recharge est le fruit d\u2019un projet de recherche d\u00e9velopp\u00e9 \u00e0 la demande d\u2019industriels du secteur automobile par le Green Energy Park, plateforme de recherche mise en place conjointement par l\u2019<a rel=\"noreferrer noopener\" href=\"http:\/\/www.iresen.org\/\" target=\"_blank\">IRESEN<\/a> et l\u2019<a href=\"https:\/\/www.um6p.ma\/fr\">Universit\u00e9 Mohammed VI Polytechnique<\/a> (UM6P), et soutenu par le MCINET. \u00ab Je suis tr\u00e8s heureux et fier de ce projet hautement strat\u00e9gique pour notre pays qui a \u00e9t\u00e9 r\u00e9alis\u00e9 par des comp\u00e9tences marocaines. Il repr\u00e9sente l\u2019une des composantes de l\u2019infrastructure de la mobilit\u00e9 durable dans laquelle le Maroc est engag\u00e9 sous l\u2019impulsion de S.M. le Roi Mohammed VI \u00bb, a d\u00e9clar\u00e9 Moulay Hafid Elalamy, ministre de l\u2019Industrie.<\/p>\n<p><img decoding=\"async\" loading=\"lazy\" src=\"https:\/\/www.challenge.ma\/wp-content\/uploads\/2020\/12\/iSmart-748635-1-1024x682.jpg\" alt=\"\" class=\"wp-image-169610\" width=\"626\" height=\"417\" srcset=\"https:\/\/www.challenge.ma\/wp-content\/uploads\/2020\/12\/iSmart-748635-1-1024x682.jpg 1024w, https:\/\/www.challenge.ma\/wp-content\/uploads\/2020\/12\/iSmart-748635-1-300x200.jpg 300w, https:\/\/www.challenge.ma\/wp-content\/uploads\/2020\/12\/iSmart-748635-1-768x512.jpg 768w, https:\/\/www.challenge.ma\/wp-content\/uploads\/2020\/12\/iSmart-748635-1-360x240.jpg 360w, https:\/\/www.challenge.ma\/wp-content\/uploads\/2020\/12\/iSmart-748635-1-750x500.jpg 750w, https:\/\/www.challenge.ma\/wp-content\/uploads\/2020\/12\/iSmart-748635-1.jpg 1280w\" sizes=\"auto, (max-width: 626px) 100vw, 626px\"\/><\/p>\n<p><strong>Lire aussi | <a href=\"https:\/\/www.challenge.ma\/lonmt-dresse-un-bilan-a-mi-parcours-de-sa-tournee-169586\/\" target=\"_blank\" rel=\"noreferrer noopener\">L\u2019ONMT dresse un bilan \u00e0 mi-parcours de sa Tourn\u00e9e<\/a><\/strong><\/p>\n<p>iSmart est une nouvelle g\u00e9n\u00e9ration de bornes de recharge intelligentes \u00e0 usage professionnel et domestique qui dispose de deux types de connecteurs et de 4 versions : murale, mobile, sur cand\u00e9labre ou sur pied. Destin\u00e9e au march\u00e9 marocain, elle comprend des caract\u00e9ristiques techniques adapt\u00e9es pour un usage flexible et efficace et est d\u2019une capacit\u00e9 allant de 7 \u00e0 22 kw. \u00a0Dans le cadre de l\u2019\u00e9cosyst\u00e8me vert, dans son volet mobilit\u00e9 durable, une ligne de production de cette nouvelle g\u00e9n\u00e9ration de bornes intelligentes sera install\u00e9e \u00e0 Benguerir en 2022, avec l\u2019appui du MCINET, \u00a0pour l\u2019industrialisation de ce projet. La capacit\u00e9 de production de cette usine sera de 5000 bornes par an. Pour l\u2019industrialisation de cette borne, des partenariats des sous-traitances seront d\u00e9velopp\u00e9s avec des industriels op\u00e9rant notamment dans l\u2019injection plastique, l\u2019usinage\/pliage t\u00f4le fine, la d\u00e9coupe laser et la fabrication de cartes \u00e9lectroniques, souligne le minist\u00e8re.<\/p>\n<p><img decoding=\"async\" loading=\"lazy\" width=\"668\" height=\"1024\" src=\"https:\/\/www.challenge.ma\/wp-content\/uploads\/2020\/12\/iSmart-1759-668x1024.jpg\" alt=\"\" class=\"wp-image-169608\" srcset=\"https:\/\/www.challenge.ma\/wp-content\/uploads\/2020\/12\/iSmart-1759-668x1024.jpg 668w, https:\/\/www.challenge.ma\/wp-content\/uploads\/2020\/12\/iSmart-1759-196x300.jpg 196w, https:\/\/www.challenge.ma\/wp-content\/uploads\/2020\/12\/iSmart-1759-768x1177.jpg 768w, https:\/\/www.challenge.ma\/wp-content\/uploads\/2020\/12\/iSmart-1759-360x552.jpg 360w, https:\/\/www.challenge.ma\/wp-content\/uploads\/2020\/12\/iSmart-1759-750x1150.jpg 750w, https:\/\/www.challenge.ma\/wp-content\/uploads\/2020\/12\/iSmart-1759.jpg 794w\" sizes=\"auto, (max-width: 668px) 100vw, 668px\"\/><\/p>\n<p><strong>Lire aussi | <a href=\"https:\/\/www.challenge.ma\/ocp-3eme-mondial-au-niveau-de-la-sustainability-169564\/\" target=\"_blank\" rel=\"noreferrer noopener\">OCP 3\u00e8me mondial au niveau de la Sustainability<\/a><\/strong><\/p>\n<p>Une borne rapide d\u2019une capacit\u00e9 variant entre 20 kw et 60 kw est \u00e9galement en cours de d\u00e9veloppement pour une commercialisation prochaine.<\/p>\n<p><img decoding=\"async\" loading=\"lazy\" src=\"https:\/\/www.challenge.ma\/wp-content\/uploads\/2020\/12\/IRESEN-1475.jpg\" alt=\"\" class=\"wp-image-169611\" width=\"587\" height=\"558\" srcset=\"https:\/\/www.challenge.ma\/wp-content\/uploads\/2020\/12\/IRESEN-1475.jpg 546w, https:\/\/www.challenge.ma\/wp-content\/uploads\/2020\/12\/IRESEN-1475-300x285.jpg 300w, https:\/\/www.challenge.ma\/wp-content\/uploads\/2020\/12\/IRESEN-1475-360x342.jpg 360w\" sizes=\"auto, (max-width: 587px) 100vw, 587px\"\/><\/p>\n<p>Auteur: Karim Handaoui<br \/>\n<a href=\"https:\/\/www.challenge.ma\/ve-la-borne-de-recharge-intelligente-100-marocaine-voit-le-jour-169603\/\">Cliquez ici pour lire l&rsquo;article depuis sa source.<\/a><\/p>\n","protected":false},"excerpt":{"rendered":"<p>La premi\u00e8re borne de recharge intelligente pour v\u00e9hicules \u00e9lectriques (V\u00c9) 100% marocaine \u00ab iSmart \u00bb a \u00e9t\u00e9 pr\u00e9sent\u00e9e, lundi 21 d\u00e9cembre 2020 au si\u00e8ge du minist\u00e8re de l\u2019Industrie, du Commerce et de l\u2019\u00c9conomie verte et num\u00e9rique (MCINET). Cette borne de recharge est le fruit d\u2019un projet de recherche d\u00e9velopp\u00e9 \u00e0 la demande d\u2019industriels du secteur [&hellip;]<\/p>\n","protected":false},"author":1787,"featured_media":0,"comment_status":"closed","ping_status":"closed","sticky":false,"template":"","format":"standard","meta":{"fifu_image_url":"https:\/\/www.challenge.ma\/wp-content\/uploads\/2020\/12\/iSmart-748635-1-1024x682.jpg","fifu_image_alt":"V\u00c9 : la borne de recharge intelligente 100% marocaine voit le jour","footnotes":""},"categories":[78,54],"tags":[],"class_list":["post-107706","post","type-post","status-publish","format-standard","hentry","category-economie","category-maroc"],"_links":{"self":[{"href":"https:\/\/linitiative.ca\/International\/wp-json\/wp\/v2\/posts\/107706","targetHints":{"allow":["GET"]}}],"collection":[{"href":"https:\/\/linitiative.ca\/International\/wp-json\/wp\/v2\/posts"}],"about":[{"href":"https:\/\/linitiative.ca\/International\/wp-json\/wp\/v2\/types\/post"}],"author":[{"embeddable":true,"href":"https:\/\/linitiative.ca\/International\/wp-json\/wp\/v2\/users\/1787"}],"replies":[{"embeddable":true,"href":"https:\/\/linitiative.ca\/International\/wp-json\/wp\/v2\/comments?post=107706"}],"version-history":[{"count":0,"href":"https:\/\/linitiative.ca\/International\/wp-json\/wp\/v2\/posts\/107706\/revisions"}],"wp:attachment":[{"href":"https:\/\/linitiative.ca\/International\/wp-json\/wp\/v2\/media?parent=107706"}],"wp:term":[{"taxonomy":"category","embeddable":true,"href":"https:\/\/linitiative.ca\/International\/wp-json\/wp\/v2\/categories?post=107706"},{"taxonomy":"post_tag","embeddable":true,"href":"https:\/\/linitiative.ca\/International\/wp-json\/wp\/v2\/tags?post=107706"}],"curies":[{"name":"wp","href":"https:\/\/api.w.org\/{rel}","templated":true}]}}