{"id":107710,"date":"2020-12-21T13:51:23","date_gmt":"2020-12-21T18:51:23","guid":{"rendered":"https:\/\/linitiative.ca\/International\/coronavirus-le-gouvernement-renforce-les-mesures-de-letat-durgence-sanitaire\/"},"modified":"2020-12-21T13:51:23","modified_gmt":"2020-12-21T18:51:23","slug":"coronavirus-le-gouvernement-renforce-les-mesures-de-letat-durgence-sanitaire","status":"publish","type":"post","link":"https:\/\/linitiative.ca\/International\/coronavirus-le-gouvernement-renforce-les-mesures-de-letat-durgence-sanitaire\/","title":{"rendered":"Coronavirus :  le gouvernement renforce les mesures de l\u2019\u00e9tat d\u2019urgence sanitaire"},"content":{"rendered":"<p><strong>L\u2019Ex\u00e9cutif annonce un renforcement de l\u2019\u00e9tat d\u2019urgence sanitaire. Les d\u00e9tails.<\/strong><\/p>\n<div class=\"c10\"\/>\n<p>Le Maroc corse davantage les mesures de l\u2019\u00e9tat d\u2019urgence sanitaire en vigueur en vue de limiter la propagation du coronavirus. Ainsi, sur la base des recommandations de la Commission scientifique et technique concernant la n\u00e9cessit\u00e9 de renforcer les proc\u00e9dures de l\u2019\u00e9tat d\u2019urgence sanitaire et de maintenir les mesures et proc\u00e9dures n\u00e9cessaires pour lutter contre le coronavirus (Covid-19), le gouvernement a d\u00e9cid\u00e9 de prendre, \u00e0 partir du mercredi 23 d\u00e9cembre 2020 \u00e0 21h00, et pour une dur\u00e9e de trois semaines, les mesures de pr\u00e9caution suivantes:<\/p>\n<p>1- La fermeture des restaurants, caf\u00e9s, commerces et grandes surfaces \u00e0 20h00;<\/p>\n<p>2- Couvre-feu nocturne de 21h00 \u00e0 6h00 \u00e0 l\u2019\u00e9chelle nationale, sauf cas exceptionnels;<\/p>\n<p>3- L\u2019interdiction des f\u00eates et des rassemblements publics ou priv\u00e9s;<\/p>\n<p>4- La fermeture totale des restaurants \u00e0 Casablanca, Marrakech, Agadir et Tanger pour une dur\u00e9e de trois semaines,<\/p>\n<p>Notons que toutes les mesures de pr\u00e9caution annonc\u00e9es pr\u00e9c\u00e9demment seront maintenues.<\/p>\n<p><strong>Lire aussi| <a href=\"https:\/\/www.challenge.ma\/dr-marhoum-filali-kamal-pour-le-moment-le-maroc-nest-pas-oblige-de-revoir-sa-strategie-de-vaccination-169613\/\">Dr Marhoum Filali Kamal : \u00ab\u00a0Pour le moment, le Maroc n\u2019est pas oblig\u00e9 de revoir sa strat\u00e9gie de vaccination \u00bb<\/a><\/strong><\/p>\n<p>Auteur: challenge<br \/>\n<a href=\"https:\/\/www.challenge.ma\/coronavirus-le-gouvernement-renforce-les-mesures-de-letat-durgence-sanitaire-169693\/\">Cliquez ici pour lire l&rsquo;article depuis sa source.<\/a><\/p>\n","protected":false},"excerpt":{"rendered":"<p>L\u2019Ex\u00e9cutif annonce un renforcement de l\u2019\u00e9tat d\u2019urgence sanitaire. Les d\u00e9tails. Le Maroc corse davantage les mesures de l\u2019\u00e9tat d\u2019urgence sanitaire en vigueur en vue de limiter la propagation du coronavirus. Ainsi, sur la base des recommandations de la Commission scientifique et technique concernant la n\u00e9cessit\u00e9 de renforcer les proc\u00e9dures de l\u2019\u00e9tat d\u2019urgence sanitaire et de [&hellip;]<\/p>\n","protected":false},"author":1787,"featured_media":0,"comment_status":"closed","ping_status":"closed","sticky":false,"template":"","format":"standard","meta":{"fifu_image_url":"","fifu_image_alt":"","footnotes":""},"categories":[78,54],"tags":[],"class_list":["post-107710","post","type-post","status-publish","format-standard","hentry","category-economie","category-maroc"],"_links":{"self":[{"href":"https:\/\/linitiative.ca\/International\/wp-json\/wp\/v2\/posts\/107710","targetHints":{"allow":["GET"]}}],"collection":[{"href":"https:\/\/linitiative.ca\/International\/wp-json\/wp\/v2\/posts"}],"about":[{"href":"https:\/\/linitiative.ca\/International\/wp-json\/wp\/v2\/types\/post"}],"author":[{"embeddable":true,"href":"https:\/\/linitiative.ca\/International\/wp-json\/wp\/v2\/users\/1787"}],"replies":[{"embeddable":true,"href":"https:\/\/linitiative.ca\/International\/wp-json\/wp\/v2\/comments?post=107710"}],"version-history":[{"count":0,"href":"https:\/\/linitiative.ca\/International\/wp-json\/wp\/v2\/posts\/107710\/revisions"}],"wp:attachment":[{"href":"https:\/\/linitiative.ca\/International\/wp-json\/wp\/v2\/media?parent=107710"}],"wp:term":[{"taxonomy":"category","embeddable":true,"href":"https:\/\/linitiative.ca\/International\/wp-json\/wp\/v2\/categories?post=107710"},{"taxonomy":"post_tag","embeddable":true,"href":"https:\/\/linitiative.ca\/International\/wp-json\/wp\/v2\/tags?post=107710"}],"curies":[{"name":"wp","href":"https:\/\/api.w.org\/{rel}","templated":true}]}}