{"id":107739,"date":"2020-12-22T10:01:01","date_gmt":"2020-12-22T15:01:01","guid":{"rendered":"https:\/\/linitiative.ca\/International\/%ef%bb%bfune-operation-de-rehabilitation-durable-et-un-chantier-sur-plusieurs-fronts\/"},"modified":"2020-12-22T10:01:01","modified_gmt":"2020-12-22T15:01:01","slug":"%ef%bb%bfune-operation-de-rehabilitation-durable-et-un-chantier-sur-plusieurs-fronts","status":"publish","type":"post","link":"https:\/\/linitiative.ca\/International\/%ef%bb%bfune-operation-de-rehabilitation-durable-et-un-chantier-sur-plusieurs-fronts\/","title":{"rendered":"\ufeffUne op\u00e9ration de r\u00e9habilitation durable et un chantier sur plusieurs fronts"},"content":{"rendered":"<p class=\"c2\"><strong>M\u00e9dina de Rabat<\/strong><\/p>\n<p class=\"c3\"><strong>Par Khadija Tahiri (MAP)<\/strong><\/p>\n<p><strong>La ville de Rabat conna\u00eet des travaux de r\u00e9novation et une dynamique sans pr\u00e9c\u00e9dent \u00e0 travers une s\u00e9rie de chantiers et de projets structurants qui ont fait de la capitale un chantier ouvert sur plusieurs fronts.<\/strong><\/p>\n<p>Ces projets ont concern\u00e9 l\u2019ancienne m\u00e9dina de Rabat. Tout visiteur de cet espace historique pourrait remarquer les grands changements survenus dans chaque ruelle et quartier et ce, dans le cadre du programme de r\u00e9habilitation et de valorisation des anciennes m\u00e9dinas \u00e0 travers le Royaume afin qu\u2019elles retrouvent leur charme, leur authenticit\u00e9 et leur rayonnement culturel et touristique et am\u00e9liorent leur comp\u00e9titivit\u00e9 \u00e9conomique.<\/p>\n<p>Avec ses fa\u00e7ades en bois sculpt\u00e9 et ses plafonds richement orn\u00e9s de reliefs architectural traditionnel, l\u2019ancienne m\u00e9dina de Rabat invite ses visiteurs \u00e0 voyager dans le temps \u00e0 la qu\u00eate d\u2019une ville qui sauvegarde pr\u00e9cieusement son cachet historique.<\/p>\n<p>Ses principales ruelles et quartiers, allant de la rue Souika, \u00e0 ElGza, en passant par Souk Sebbate, Souk Tahti, Sidi Fatah, rue des consuls et El Malah, constituent un axe commer\u00e7ant qui refl\u00e8te la dynamique que connaissent les produits artisanaux et modernes offerts dans cet espace antique.<\/p>\n<p>Dans un entretien accord\u00e9 \u00e0 la MAP, le maire de la ville de Rabat, Mohamed Seddiki a soulign\u00e9, \u00e0 cet \u00e9gard, que le projet de r\u00e9habilitation s\u2019inscrit dans le cadre du programme \u00ab\u00a0Rabat, Ville des lumi\u00e8res\u00a0\u00bb (lanc\u00e9 depuis 2014) et du programme de r\u00e9habilitation des anciennes m\u00e9dina, notant que cette op\u00e9ration concerne aussi les abords des murailles de la m\u00e9dina et leur mise en lumi\u00e8re, de l\u2019ach\u00e8vement du pavage des rues et ruelles, de l\u2019adressage des rues, ruelles et placettes, ainsi que la r\u00e9habilitation des b\u00e2timents mena\u00e7ant ruine.<\/p>\n<p>\u00ab\u00a0Il a \u00e9t\u00e9 proc\u00e9d\u00e9 au parach\u00e8vement de la 1\u00e8re et la 2\u00e8me tranche, c\u2019est-\u00e0-dire que le plus gros travail a \u00e9t\u00e9 fait en terme de restauration des monuments historiques, sauf que les travaux sont en cours puisque beaucoup de maisons n\u00e9cessitent une op\u00e9ration de r\u00e9habilitation, en particulier celles mena\u00e7ant ruine\u00a0\u00bb, a-t-il expliqu\u00e9.<\/p>\n<p>M. Seddiki a \u00e9galement fait observer que le Conseil de la ville accompagne ces travaux de r\u00e9habilitation \u00e0 travers l\u2019adoption d\u2019un guichet unique d\u2019urbanisme et ce, afin d\u2019acc\u00e9l\u00e9rer le processus d\u2019octroi des autorisations li\u00e9es aux travaux de r\u00e9novation, en plus de sa contribution financi\u00e8re \u00e0 ce projet.<\/p>\n<p>L\u2019op\u00e9ration de r\u00e9habilitation a concern\u00e9 \u00e9galement d\u2019autres projets tels que la fa\u00e7ade historique fluviale de l\u2019ancienne ville et le mur Andalous situ\u00e9 en parall\u00e8le de l\u2019avenue Hassan II, en plus de la restauration d\u2019un nombre d\u2019h\u00f4tels historiques, de Hammams et de maisons d\u2019h\u00f4tes, outre la revalorisation de centres commerciaux et des rues principales, comme Souika, rue des consuls, El Gza, Sidi Fatah et Souk Sebbate, a-t-il indiqu\u00e9.<\/p>\n<p>Il en est ainsi du projet d\u2019am\u00e9nagement de terrains de sport, de la construction d\u2019une galerie commerciale et du renouvellement de l\u2019\u00e9clairage public, a ajout\u00e9 le responsable.<\/p>\n<p>Ce programme de r\u00e9habilitation de l\u2019ancienne m\u00e9dina de Rabat, \u00e9labor\u00e9 sous Hautes instructions royales et mis en \u0153uvre par l\u2019Agence pour l\u2019am\u00e9nagement de la vall\u00e9e de Bouregreg et la soci\u00e9t\u00e9 Rabat Am\u00e9nagements, vise \u00e0 valoriser et \u00e0 am\u00e9liorer l\u2019accessibilit\u00e9 \u00e0 la m\u00e9dina et \u00e0 renforcer son attractivit\u00e9, \u00e0 travers notamment la construction de deux parkings souterrains pr\u00e8s de \u00ab\u00a0Bab Lhad\u00a0\u00bb et \u00ab\u00a0Bab Chellah\u00a0\u00bb, d\u2019une capacit\u00e9 globale de 1.090 places de stationnement et l\u2019am\u00e9nagement des places autour du March\u00e9 Central et de Bab Lhad, a fait savoir le maire.<\/p>\n<p>S\u2019agissant de la contribution du Conseil de la ville Rabat dans ces travaux, M. Seddiki a fait savoir que le Conseil contribue de mani\u00e8re efficiente \u00e0 l\u2019ensemble des projets r\u00e9alis\u00e9s au sein de son espace territorial et ce, en sa qualit\u00e9 de membre du Conseil d\u2019administration de la Soci\u00e9t\u00e9 Rabat Am\u00e9nagements et se charge aussi du financement d\u2019une s\u00e9rie de projets.<br \/>Le programme de r\u00e9habilitation de l\u2019ancienne ville de Rabat, inscrite en 2012 au patrimoine mondial de l\u2019Humanit\u00e9 par l\u2019Organisation des Nations unies pour l\u2019\u00c9ducation, la Science et la Culture, intervient dans le cadre des efforts consentis en faveur du renforcement de son rayonnement culturel et touristique et de l\u2019am\u00e9lioration des conditions de vie et de travail de la population, a-t-il poursuivi.<\/p>\n<p>Ainsi, la rue Souika (signifiant petit souk), comme les habitants de la ville l\u2019appellent, bord\u00e9e par des \u00e9choppes de marchands et d\u2019artisans, connait une forte dynamique \u00e9conomique au sein des murailles de l\u2019ancienne m\u00e9dina.<\/p>\n<p>Les travaux de r\u00e9habilitation se poursuivent sans faire perdre \u00e0 la ville son cachet authentique, d\u2019autant plus que tout un chacun veille \u00e0 contribuer \u00e0 la sauvegarde de l\u2019architecture de cet espace historique avec les substrats socioculturels de ses habitants attach\u00e9s \u00e0 leur h\u00e9ritage et \u00e0 leurs traditions ancestrales, a-t-il soulign\u00e9, notant que ce projet de valorisation et de r\u00e9habilitation est bas\u00e9 sur des normes techniques, urbanistiques et architecturales visant \u00e0 garantir la s\u00e9curit\u00e9 de la population.<\/p>\n<p>Auteur: M&rsquo;hammed rahal<br \/>\n<a href=\"http:\/\/albayane.press.ma\/%EF%BB%BFune-operation-de-rehabilitation-durable-et-un-chantier-sur-plusieurs-fronts.html\">Cliquez ici pour lire l&rsquo;article depuis sa source.<\/a><\/p>\n","protected":false},"excerpt":{"rendered":"<p>M\u00e9dina de Rabat Par Khadija Tahiri (MAP) La ville de Rabat conna\u00eet des travaux de r\u00e9novation et une dynamique sans pr\u00e9c\u00e9dent \u00e0 travers une s\u00e9rie de chantiers et de projets structurants qui ont fait de la capitale un chantier ouvert sur plusieurs fronts. Ces projets ont concern\u00e9 l\u2019ancienne m\u00e9dina de Rabat. Tout visiteur de cet [&hellip;]<\/p>\n","protected":false},"author":1760,"featured_media":0,"comment_status":"closed","ping_status":"closed","sticky":false,"template":"","format":"standard","meta":{"fifu_image_url":"","fifu_image_alt":"","footnotes":""},"categories":[73,54],"tags":[],"class_list":["post-107739","post","type-post","status-publish","format-standard","hentry","category-actualite","category-maroc"],"_links":{"self":[{"href":"https:\/\/linitiative.ca\/International\/wp-json\/wp\/v2\/posts\/107739","targetHints":{"allow":["GET"]}}],"collection":[{"href":"https:\/\/linitiative.ca\/International\/wp-json\/wp\/v2\/posts"}],"about":[{"href":"https:\/\/linitiative.ca\/International\/wp-json\/wp\/v2\/types\/post"}],"author":[{"embeddable":true,"href":"https:\/\/linitiative.ca\/International\/wp-json\/wp\/v2\/users\/1760"}],"replies":[{"embeddable":true,"href":"https:\/\/linitiative.ca\/International\/wp-json\/wp\/v2\/comments?post=107739"}],"version-history":[{"count":0,"href":"https:\/\/linitiative.ca\/International\/wp-json\/wp\/v2\/posts\/107739\/revisions"}],"wp:attachment":[{"href":"https:\/\/linitiative.ca\/International\/wp-json\/wp\/v2\/media?parent=107739"}],"wp:term":[{"taxonomy":"category","embeddable":true,"href":"https:\/\/linitiative.ca\/International\/wp-json\/wp\/v2\/categories?post=107739"},{"taxonomy":"post_tag","embeddable":true,"href":"https:\/\/linitiative.ca\/International\/wp-json\/wp\/v2\/tags?post=107739"}],"curies":[{"name":"wp","href":"https:\/\/api.w.org\/{rel}","templated":true}]}}