{"id":107740,"date":"2020-12-22T10:13:52","date_gmt":"2020-12-22T15:13:52","guid":{"rendered":"https:\/\/linitiative.ca\/International\/%ef%bb%bflue-vaccinera-des-dimanche-prochain\/"},"modified":"2020-12-22T10:13:52","modified_gmt":"2020-12-22T15:13:52","slug":"%ef%bb%bflue-vaccinera-des-dimanche-prochain","status":"publish","type":"post","link":"https:\/\/linitiative.ca\/International\/%ef%bb%bflue-vaccinera-des-dimanche-prochain\/","title":{"rendered":"\ufeffL\u2019UE vaccinera d\u00e8s dimanche prochain"},"content":{"rendered":"<p class=\"c2\"><strong>Pand\u00e9mie<\/strong><\/p>\n<p><strong>L\u2019Union europ\u00e9enne doit tenter mardi d\u2019harmoniser les mesures mises en place par ses Etats membres pour emp\u00eacher la variante du coronavirus d\u00e9tect\u00e9e au Royaume-Uni de se propager, alors que plusieurs pays pr\u00e9voient de commencer \u00e0 vacciner d\u00e8s dimanche.<\/strong><\/p>\n<p>L\u2019objectif est \u00ab\u00a0une r\u00e9ouverture des fronti\u00e8res de mani\u00e8re coordonn\u00e9e\u00a0\u00bb, a indiqu\u00e9 lundi une source diplomatique europ\u00e9enne, et notamment de permettre les \u00ab\u00a0retours cibl\u00e9s\u00a0\u00bb de voyageurs et de chauffeurs de camions qui se sont trouv\u00e9s bloqu\u00e9s par les mesures mises en oeuvre brutalement depuis ce week-end.<\/p>\n<p>Elles ont eu notamment pour effet que \u00ab\u00a0de nombreux routiers fran\u00e7ais mais \u00e9galement \u00e9trangers sont bloqu\u00e9s au Royaume-Uni dans des conditions inhumaines\u00a0\u00bb, ont d\u00e9nonc\u00e9 des syndicats fran\u00e7ais dans un communiqu\u00e9.<\/p>\n<p>Le Premier ministre britannique Boris Johnson a d\u00fb lundi s\u2019employer \u00e0 rassurer ses compatriotes sur leurs approvisionnements. Nombre d\u2019entre eux voient par ailleurs leurs plans pour les f\u00eates de No\u00ebl tomber \u00e0 l\u2019eau.<\/p>\n<p>L\u2019Organisation mondiale de la sant\u00e9 (OMS) s\u2019est voulue rassurante lundi, rejetant l\u2019id\u00e9e que la nouvelle variante du virus soit \u00ab\u00a0hors de contr\u00f4le\u00a0\u00bb, comme l\u2019avait affirm\u00e9 dimanche le ministre britannique de la Sant\u00e9, Matt Hancock. Des d\u00e9clarations qui avaient provoqu\u00e9 l\u2019alarme et conduit des dizaines de capitales \u00e0 suspendre les vols en provenance du Royaume-Uni.<\/p>\n<p>\u00ab\u00a0Il n\u2019y a pas de preuve tangible que ce virus soit effectivement plus contagieux, (mais) il y a des preuves claires qu\u2019il est plus r\u00e9pandu dans la population\u00a0\u00bb, a pour sa part estim\u00e9 le conseiller principal du programme gouvernemental am\u00e9ricain de vaccination, Moncef Slaoui.<\/p>\n<p>L\u2019Agence europ\u00e9enne des m\u00e9dicaments (AEM), qui a donn\u00e9 lundi son feu vert au vaccin Pfizer-BioNTech, s\u2019est dite de son c\u00f4t\u00e9 \u00ab\u00a0pas trop inqui\u00e8te\u00a0\u00bb. Selon elle, il n\u2019existe pour l\u2019instant \u00ab\u00a0aucune preuve\u00a0\u00bb permettant de dire que le traitement ne prot\u00e9gerait pas contre le virus mutant.<\/p>\n<p>La campagne de vaccination dans l\u2019UE devrait commencer les 27, 28 et 29 d\u00e9cembre, selon la pr\u00e9sidente de la Commission europ\u00e9enne Ursula von der Leyen.<\/p>\n<p>La France commencera la sienne d\u00e8s dimanche 27, a annonc\u00e9 lundi le ministre de la Sant\u00e9 Olivier V\u00e9ran. \u00ab\u00a0Les plus vuln\u00e9rables d\u2019entre nous d\u2019abord, apr\u00e8s examen m\u00e9dical, information et recueil du consentement. Un d\u00e9marrage en douceur\u00a0\u00bb, a-t-il annonc\u00e9 sur Twitter.<\/p>\n<p>Aux Etats-Unis, o\u00f9 une autorisation d\u2019urgence a \u00e9t\u00e9 accord\u00e9e aux vaccins de Pfizer\/BioNTech et Moderna et o\u00f9 la campagne a d\u00e9j\u00e0 d\u00e9marr\u00e9, le pr\u00e9sident \u00e9lu Joe Biden a re\u00e7u lundi en direct devant les cam\u00e9ras de t\u00e9l\u00e9vision une premi\u00e8re dose de vaccin.<\/p>\n<p>Auteur: M&rsquo;hammed rahal<br \/>\n<a href=\"http:\/\/albayane.press.ma\/%EF%BB%BFlue-vaccinera-des-dimanche-prochain.html\">Cliquez ici pour lire l&rsquo;article depuis sa source.<\/a><\/p>\n","protected":false},"excerpt":{"rendered":"<p>Pand\u00e9mie L\u2019Union europ\u00e9enne doit tenter mardi d\u2019harmoniser les mesures mises en place par ses Etats membres pour emp\u00eacher la variante du coronavirus d\u00e9tect\u00e9e au Royaume-Uni de se propager, alors que plusieurs pays pr\u00e9voient de commencer \u00e0 vacciner d\u00e8s dimanche. L\u2019objectif est \u00ab\u00a0une r\u00e9ouverture des fronti\u00e8res de mani\u00e8re coordonn\u00e9e\u00a0\u00bb, a indiqu\u00e9 lundi une source diplomatique europ\u00e9enne, [&hellip;]<\/p>\n","protected":false},"author":1760,"featured_media":0,"comment_status":"closed","ping_status":"closed","sticky":false,"template":"","format":"standard","meta":{"fifu_image_url":"","fifu_image_alt":"","footnotes":""},"categories":[73,54],"tags":[],"class_list":["post-107740","post","type-post","status-publish","format-standard","hentry","category-actualite","category-maroc"],"_links":{"self":[{"href":"https:\/\/linitiative.ca\/International\/wp-json\/wp\/v2\/posts\/107740","targetHints":{"allow":["GET"]}}],"collection":[{"href":"https:\/\/linitiative.ca\/International\/wp-json\/wp\/v2\/posts"}],"about":[{"href":"https:\/\/linitiative.ca\/International\/wp-json\/wp\/v2\/types\/post"}],"author":[{"embeddable":true,"href":"https:\/\/linitiative.ca\/International\/wp-json\/wp\/v2\/users\/1760"}],"replies":[{"embeddable":true,"href":"https:\/\/linitiative.ca\/International\/wp-json\/wp\/v2\/comments?post=107740"}],"version-history":[{"count":0,"href":"https:\/\/linitiative.ca\/International\/wp-json\/wp\/v2\/posts\/107740\/revisions"}],"wp:attachment":[{"href":"https:\/\/linitiative.ca\/International\/wp-json\/wp\/v2\/media?parent=107740"}],"wp:term":[{"taxonomy":"category","embeddable":true,"href":"https:\/\/linitiative.ca\/International\/wp-json\/wp\/v2\/categories?post=107740"},{"taxonomy":"post_tag","embeddable":true,"href":"https:\/\/linitiative.ca\/International\/wp-json\/wp\/v2\/tags?post=107740"}],"curies":[{"name":"wp","href":"https:\/\/api.w.org\/{rel}","templated":true}]}}