{"id":107741,"date":"2020-12-22T07:50:20","date_gmt":"2020-12-22T12:50:20","guid":{"rendered":"https:\/\/linitiative.ca\/International\/la-tunisie-ambitionne-daccueillir-le-7eme-forum-arabe-pour-lhabitat\/"},"modified":"2020-12-22T07:50:20","modified_gmt":"2020-12-22T12:50:20","slug":"la-tunisie-ambitionne-daccueillir-le-7eme-forum-arabe-pour-lhabitat","status":"publish","type":"post","link":"https:\/\/linitiative.ca\/International\/la-tunisie-ambitionne-daccueillir-le-7eme-forum-arabe-pour-lhabitat\/","title":{"rendered":"La Tunisie ambitionne d\u2019accueillir le 7\u00e9me forum arabe pour l\u2019habitat"},"content":{"rendered":"<div class=\"td-post-content\">\n<h2><a href=\"http:\/\/www.mehat.gov.tn\/fr\/accueil\/\" target=\"_blank\" rel=\"noopener noreferrer\">Le ministre de l\u2019\u00e9quipement<\/a>, de l\u2019habitat\u00a0\u00a0<a href=\"http:\/\/www.leconomistemaghrebin.com\/2020\/08\/28\/le-ministre-propose-au-portefeuille-de-lequipement-est-kamel-doukh-et-non-pas-kamel-omzzine\/\" target=\"_blank\" rel=\"noopener noreferrer\">Kamel Doukh<\/a>\u00a0a indiqu\u00e9, lundi, la volont\u00e9 de la Tunisie d\u2019accueillir le 7\u00e9me forum arabe pour l\u2019habitat et le d\u00e9veloppement urbain. L\u2019\u00e9v\u00e9nement est pr\u00e9vu pour\u00a0 2027.<\/h2>\n<p>Cet \u00e9v\u00e9nement constitue une opportunit\u00e9 pour la Tunisie d\u2019accueillir les pays arabes. Ajoute-il. Et ce dans un discours adress\u00e9 au conseil des ministres arabes de l\u2019habitat et de la reconstruction lors de la 37\u00e8me session tenue \u00e0 distance, lundi 21 d\u00e9cembre 2020, en raison de la pand\u00e9mie du Covid-19<\/p>\n<p>Le conseil des ministres arabes\u00a0 a r\u00e9alis\u00e9 des acquis et des r\u00e9alisations importantes dans le domaine de l\u2019action arabe conjointe. Lance-t-il.\u00a0 La 37\u00e9me session pourrait aboutir \u00e0 des d\u00e9cisions qui servent le citoyen arabe. Et ce en particulier, les cat\u00e9gories faibles et \u00e0 moyen revenu afin de r\u00e9pondre \u00e0 leurs besoins.<\/p>\n<p>En effet, le conseil des ministres arabes de l\u2019habitat et de la reconstruction avait adopt\u00e9 lors de sa 32\u00e9me session organis\u00e9e, en 2015, la proposition de la Tunisie d\u2019accueillir la 37\u00e9me session du conseil des ministres arabes de l\u2019habitat et de la reconstruction.<\/p>\n<p>D\u2019ailleurs, le conseil a, \u00e9galement, approuv\u00e9 la demande de la Tunisie d\u2019accueillir la 6\u00e8me \u00e9dition du congr\u00e8s arabe de l\u2019habitat. Cette \u00e9dition revient sur les politiques et les strat\u00e9gies de d\u00e9veloppement des zones anarchiques.<\/p>\n<p>Avec TAP<\/p>\n<\/div>\n<footer>\n<\/footer>\n<div class=\"wp-post-author-wrap wp-post-author-shortcode left\">\n<h3 class=\"awpa-title\"\/>\n<div class=\"wp-post-author\">\n<div class=\"awpa-img awpa-author-block square\"><a href=\"http:\/\/lexpertjournal.net\/fr\/?author=5\"><img loading=\"lazy\" decoding=\"async\" alt=\"\" src=\"http:\/\/0.gravatar.com\/avatar\/97f8e10a1c1125ba104a76514ee07b16?s=150&amp;d=mm&amp;r=g\" srcset=\"http:\/\/0.gravatar.com\/avatar\/97f8e10a1c1125ba104a76514ee07b16?s=300&amp;d=mm&amp;r=g 2x\" class=\"avatar avatar-150 photo\" height=\"150\" width=\"150\"\/><\/a><\/div>\n<\/div>\n<\/div>\n<aside class=\"mashsb-container mashsb-main mashsb-stretched\">\n<\/aside>\n<p>Auteur: L&rsquo;expert<br \/>\n<a href=\"http:\/\/lexpertjournal.net\/fr\/?p=17764\">Cliquez ici pour lire l&rsquo;article depuis sa source.<\/a><\/p>\n","protected":false},"excerpt":{"rendered":"<p>Le ministre de l\u2019\u00e9quipement, de l\u2019habitat\u00a0\u00a0Kamel Doukh\u00a0a indiqu\u00e9, lundi, la volont\u00e9 de la Tunisie d\u2019accueillir le 7\u00e9me forum arabe pour l\u2019habitat et le d\u00e9veloppement urbain. L\u2019\u00e9v\u00e9nement est pr\u00e9vu pour\u00a0 2027. Cet \u00e9v\u00e9nement constitue une opportunit\u00e9 pour la Tunisie d\u2019accueillir les pays arabes. Ajoute-il. Et ce dans un discours adress\u00e9 au conseil des ministres arabes de [&hellip;]<\/p>\n","protected":false},"author":1775,"featured_media":0,"comment_status":"closed","ping_status":"closed","sticky":false,"template":"","format":"standard","meta":{"fifu_image_url":"http:\/\/0.gravatar.com\/avatar\/97f8e10a1c1125ba104a76514ee07b16?s=150&d=mm&r=g","fifu_image_alt":"La Tunisie ambitionne d\u2019accueillir le 7\u00e9me forum arabe pour l\u2019habitat","footnotes":""},"categories":[78,55],"tags":[],"class_list":["post-107741","post","type-post","status-publish","format-standard","hentry","category-economie","category-tunisie"],"_links":{"self":[{"href":"https:\/\/linitiative.ca\/International\/wp-json\/wp\/v2\/posts\/107741","targetHints":{"allow":["GET"]}}],"collection":[{"href":"https:\/\/linitiative.ca\/International\/wp-json\/wp\/v2\/posts"}],"about":[{"href":"https:\/\/linitiative.ca\/International\/wp-json\/wp\/v2\/types\/post"}],"author":[{"embeddable":true,"href":"https:\/\/linitiative.ca\/International\/wp-json\/wp\/v2\/users\/1775"}],"replies":[{"embeddable":true,"href":"https:\/\/linitiative.ca\/International\/wp-json\/wp\/v2\/comments?post=107741"}],"version-history":[{"count":0,"href":"https:\/\/linitiative.ca\/International\/wp-json\/wp\/v2\/posts\/107741\/revisions"}],"wp:attachment":[{"href":"https:\/\/linitiative.ca\/International\/wp-json\/wp\/v2\/media?parent=107741"}],"wp:term":[{"taxonomy":"category","embeddable":true,"href":"https:\/\/linitiative.ca\/International\/wp-json\/wp\/v2\/categories?post=107741"},{"taxonomy":"post_tag","embeddable":true,"href":"https:\/\/linitiative.ca\/International\/wp-json\/wp\/v2\/tags?post=107741"}],"curies":[{"name":"wp","href":"https:\/\/api.w.org\/{rel}","templated":true}]}}