{"id":107770,"date":"2020-12-22T11:20:00","date_gmt":"2020-12-22T16:20:00","guid":{"rendered":"https:\/\/linitiative.ca\/International\/haaland-temporise-a-cause-des-performances-de-benzema\/"},"modified":"2020-12-22T11:20:00","modified_gmt":"2020-12-22T16:20:00","slug":"haaland-temporise-a-cause-des-performances-de-benzema","status":"publish","type":"post","link":"https:\/\/linitiative.ca\/International\/haaland-temporise-a-cause-des-performances-de-benzema\/","title":{"rendered":"Haaland temporise \u00e0 cause des performances de Benzema"},"content":{"rendered":"<p class=\"p1 c3\"><span class=\"c2\">Le jeune attaquant du Borussia Dortmund, Erling Haaland, est convoit\u00e9 par les plus grands clubs d\u2019Europe, mais lui pr\u00e9f\u00e9rerait partir au Real Madrid. Sauf que les performances XXL de Karim Benzema cette saison pourraient pousser l\u2019attaquant norv\u00e9gien \u00e0 temporiser.<\/span><\/p>\n<p class=\"p1 c3\"><span class=\"c2\">Erling Haaland r\u00e9alise un d\u00e9but de saison canon avec le Borussia Dortmund. Le jeune attaquant \u00e2g\u00e9 de 20 ans, qui a d\u00e9j\u00e0 marqu\u00e9 16 buts en douze matchs, toutes comp\u00e9titions confondues, est d\u00e9j\u00e0 pist\u00e9 par les plus grands clubs d\u2019Europe. Cependant, l\u2019attaquant norv\u00e9gien n\u2019aurait qu\u2019une chose en t\u00eate: jouer au Real Madrid. Mais un obstacle de taille pourrait barrer la route aux ambitions d\u2019Erling Haaland: Karim Benzema.<\/span><\/p>\n<p class=\"p1 c3\"><span class=\"c2\">L\u2019attaquant fran\u00e7ais a semble-t-il retrouv\u00e9 ses jambes de 20 ans et r\u00e9alise un d\u00e9but de saison \u00e9poustouflant au Real Madrid, rapporte le site\u00a0foot01.comdans un article publi\u00e9 dimanche 20 d\u00e9cembre. Une forme hors du commun qui pourrait inqui\u00e9ter Erling Haaland qui ne voudrait certainement pas revivre l\u2019exp\u00e9rience de Luka Jovic. L\u2019attaquant serbe, arriv\u00e9 au Real Madrid l\u2019\u00e9t\u00e9 2019, n\u2019a jusqu\u2019ici marqu\u00e9 que deux petits buts avec les Merengues.<\/span><\/p>\n<p class=\"p1 c3\"><span class=\"c2\">Haaland est conscient de la difficult\u00e9 de prendre la place de Karim Benzema, \u00e0 qui Zin\u00e9dine fait plus que jamais confiance. Ce dernier l\u2019a d\u2019ailleurs r\u00e9cemment qualifi\u00e9 de meilleur avant-centre de l\u2019histoire du football fran\u00e7ais. C\u2019est pour cela que l\u2019attaquant norv\u00e9gien souhaite temporiser et pr\u00e9voirait de continuer son exp\u00e9rience en Bundesliga, \u00e0 moins q\u2019uune grosse surprise n\u2019advienne cet \u00e9t\u00e9.<\/span><\/p>\n<p>Auteur: letemps1<br \/>\n<a href=\"http:\/\/www.letemps.com.tn\/article\/118586\/haaland-temporise-%C3%A0-cause-des-performances-de-benzema\">Cliquez ici pour lire l&rsquo;article depuis sa source.<\/a><\/p>\n","protected":false},"excerpt":{"rendered":"<p>Le jeune attaquant du Borussia Dortmund, Erling Haaland, est convoit\u00e9 par les plus grands clubs d\u2019Europe, mais lui pr\u00e9f\u00e9rerait partir au Real Madrid. Sauf que les performances XXL de Karim Benzema cette saison pourraient pousser l\u2019attaquant norv\u00e9gien \u00e0 temporiser. Erling Haaland r\u00e9alise un d\u00e9but de saison canon avec le Borussia Dortmund. Le jeune attaquant \u00e2g\u00e9 [&hellip;]<\/p>\n","protected":false},"author":1773,"featured_media":0,"comment_status":"closed","ping_status":"closed","sticky":false,"template":"","format":"standard","meta":{"fifu_image_url":"","fifu_image_alt":"","footnotes":""},"categories":[73,55],"tags":[],"class_list":["post-107770","post","type-post","status-publish","format-standard","hentry","category-actualite","category-tunisie"],"_links":{"self":[{"href":"https:\/\/linitiative.ca\/International\/wp-json\/wp\/v2\/posts\/107770","targetHints":{"allow":["GET"]}}],"collection":[{"href":"https:\/\/linitiative.ca\/International\/wp-json\/wp\/v2\/posts"}],"about":[{"href":"https:\/\/linitiative.ca\/International\/wp-json\/wp\/v2\/types\/post"}],"author":[{"embeddable":true,"href":"https:\/\/linitiative.ca\/International\/wp-json\/wp\/v2\/users\/1773"}],"replies":[{"embeddable":true,"href":"https:\/\/linitiative.ca\/International\/wp-json\/wp\/v2\/comments?post=107770"}],"version-history":[{"count":0,"href":"https:\/\/linitiative.ca\/International\/wp-json\/wp\/v2\/posts\/107770\/revisions"}],"wp:attachment":[{"href":"https:\/\/linitiative.ca\/International\/wp-json\/wp\/v2\/media?parent=107770"}],"wp:term":[{"taxonomy":"category","embeddable":true,"href":"https:\/\/linitiative.ca\/International\/wp-json\/wp\/v2\/categories?post=107770"},{"taxonomy":"post_tag","embeddable":true,"href":"https:\/\/linitiative.ca\/International\/wp-json\/wp\/v2\/tags?post=107770"}],"curies":[{"name":"wp","href":"https:\/\/api.w.org\/{rel}","templated":true}]}}