{"id":107771,"date":"2020-12-22T11:20:00","date_gmt":"2020-12-22T16:20:00","guid":{"rendered":"https:\/\/linitiative.ca\/International\/lattaquant-de-milan-leao-marque-le-but-le-plus-rapide-de-lhistoire-de-la-serie-a\/"},"modified":"2020-12-22T11:20:00","modified_gmt":"2020-12-22T16:20:00","slug":"lattaquant-de-milan-leao-marque-le-but-le-plus-rapide-de-lhistoire-de-la-serie-a","status":"publish","type":"post","link":"https:\/\/linitiative.ca\/International\/lattaquant-de-milan-leao-marque-le-but-le-plus-rapide-de-lhistoire-de-la-serie-a\/","title":{"rendered":"L\u2019attaquant de Milan, Leao marque le but le plus rapide de l\u2019histoire de la Serie A"},"content":{"rendered":"<p class=\"p1 c3\"><span class=\"c2\">Six secondes seulement pour ouvrir la marque pour l\u2019AC Milan contre Sassuolo: l\u2019attaquant portugais Rafael Leao a inscrit dimanche le but le plus rapide de l\u2019histoire de la Serie A, faisant tomber un record de pr\u00e8s de vingt ans.<\/span><\/p>\n<p class=\"p1 c3\"><span class=\"c2\">D\u00e8s le coup d\u2019envoi siffl\u00e9 par l\u2019arbitre, \u00e0 Reggio d\u2019Emilie sur la pelouse de Sassuolo, les Rossoneri se sont ru\u00e9s en ligne droite vers le but adverse. Et Rafael Leao, servi par le milieu turc Hakan Calhanoglu, a ouvert la marque alors que le chronom\u00e8tre affichait&#8230; six secondes de jeu, laissant les Neroverdi assomm\u00e9s.<\/span><\/p>\n<p class=\"p1 c3\"><span class=\"c2\">Jusqu\u2019\u00e0 ce coup de tonnerre de Leao, le but le plus rapide, selon les statistiques de la Ligue italienne de football, \u00e9tait l\u2019oeuvre de Paolo Poggi, qui avait ouvert la marque pour Piacenza contre la Fiorentina le 2 d\u00e9cembre 2001 apr\u00e8s huit secondes de jeu.<\/span><\/p>\n<p class=\"p1 c3\"><span class=\"c2\">Rafael Leao, qui joue le plus souvent sur le c\u00f4t\u00e9 gauche cette saison \u00e0 Milan, \u00e9tait titularis\u00e9 en pointe dimanche, pour le compte de la 13e journ\u00e9e du championnat d\u2019Italie, en raison de l\u2019absence prolong\u00e9e du buteur milanais Zlatan Ibrahimovic, qui souffre d\u2019un mollet, mais aussi de son rempla\u00e7ant habituel Ante Rebic, \u00e9galement bless\u00e9.<\/span><\/p>\n<p>Auteur: letemps1<br \/>\n<a href=\"http:\/\/www.letemps.com.tn\/article\/118587\/l%E2%80%99attaquant-de-milan-leao-marque-le-le-plus-rapide-de-l%E2%80%99histoire-de-la-serie\">Cliquez ici pour lire l&rsquo;article depuis sa source.<\/a><\/p>\n","protected":false},"excerpt":{"rendered":"<p>Six secondes seulement pour ouvrir la marque pour l\u2019AC Milan contre Sassuolo: l\u2019attaquant portugais Rafael Leao a inscrit dimanche le but le plus rapide de l\u2019histoire de la Serie A, faisant tomber un record de pr\u00e8s de vingt ans. D\u00e8s le coup d\u2019envoi siffl\u00e9 par l\u2019arbitre, \u00e0 Reggio d\u2019Emilie sur la pelouse de Sassuolo, les [&hellip;]<\/p>\n","protected":false},"author":1773,"featured_media":0,"comment_status":"closed","ping_status":"closed","sticky":false,"template":"","format":"standard","meta":{"fifu_image_url":"","fifu_image_alt":"","footnotes":""},"categories":[73,55],"tags":[],"class_list":["post-107771","post","type-post","status-publish","format-standard","hentry","category-actualite","category-tunisie"],"_links":{"self":[{"href":"https:\/\/linitiative.ca\/International\/wp-json\/wp\/v2\/posts\/107771","targetHints":{"allow":["GET"]}}],"collection":[{"href":"https:\/\/linitiative.ca\/International\/wp-json\/wp\/v2\/posts"}],"about":[{"href":"https:\/\/linitiative.ca\/International\/wp-json\/wp\/v2\/types\/post"}],"author":[{"embeddable":true,"href":"https:\/\/linitiative.ca\/International\/wp-json\/wp\/v2\/users\/1773"}],"replies":[{"embeddable":true,"href":"https:\/\/linitiative.ca\/International\/wp-json\/wp\/v2\/comments?post=107771"}],"version-history":[{"count":0,"href":"https:\/\/linitiative.ca\/International\/wp-json\/wp\/v2\/posts\/107771\/revisions"}],"wp:attachment":[{"href":"https:\/\/linitiative.ca\/International\/wp-json\/wp\/v2\/media?parent=107771"}],"wp:term":[{"taxonomy":"category","embeddable":true,"href":"https:\/\/linitiative.ca\/International\/wp-json\/wp\/v2\/categories?post=107771"},{"taxonomy":"post_tag","embeddable":true,"href":"https:\/\/linitiative.ca\/International\/wp-json\/wp\/v2\/tags?post=107771"}],"curies":[{"name":"wp","href":"https:\/\/api.w.org\/{rel}","templated":true}]}}