{"id":107775,"date":"2020-12-22T15:14:41","date_gmt":"2020-12-22T20:14:41","guid":{"rendered":"https:\/\/linitiative.ca\/International\/pros-man-city-mahrez-titulaire-face-a-arsenal-2\/"},"modified":"2020-12-22T15:14:41","modified_gmt":"2020-12-22T20:14:41","slug":"pros-man-city-mahrez-titulaire-face-a-arsenal-2","status":"publish","type":"post","link":"https:\/\/linitiative.ca\/International\/pros-man-city-mahrez-titulaire-face-a-arsenal-2\/","title":{"rendered":"Pros : Man City : Mahrez titulaire face \u00e0 Arsenal"},"content":{"rendered":"<div readability=\"32\">\n<p>Auteur : <span class=\"time\">mardi 22 d\u00e9cembre 2020 20:02<\/span><\/p>\n<\/div>\n<div id=\"post_core\" readability=\"55\">\n<p>Un match \u00e0 suivre \u00e0 partir de 21h. Voici les compositions d&rsquo;\u00e9quipes pour cette rencontre :<\/p>\n<p><strong>Man City :<\/strong> Steffen, Cancelo, Dias, Laporte, Zinchenko, Rodrigo, Fernandinho (C), Bernardo, Mahrez, Foden, Jesus<\/p>\n<p><strong>Arsenal :<\/strong> Runarsson; Mustafi, Gabriel, Kolasinac; Maitland-Niles, Elneny, Ceballos, Cedric; Willock, Lacazette, Martinelli.<\/p>\n<p><strong>Publi\u00e9 dans :<\/strong> <span>Mahrez<\/span><\/p>\n<\/div>\n<p>Auteur:<br \/>\n<a href=\"http:\/\/www.lebuteur.com\/article\/detail?titre=man-city-mahrez-titulaire-face-a-arsenal&#038;id=98446&#038;utm_source=feedburner&#038;utm_medium=feed&#038;utm_campaign=Feed%3A+GalerieFArtciles+%28Les+derniers+articles++-+lebuteur.com%29\">Cliquez ici pour lire l&rsquo;article depuis sa source.<\/a><\/p>\n","protected":false},"excerpt":{"rendered":"<p>Auteur : mardi 22 d\u00e9cembre 2020 20:02 Un match \u00e0 suivre \u00e0 partir de 21h. Voici les compositions d&rsquo;\u00e9quipes pour cette rencontre : Man City : Steffen, Cancelo, Dias, Laporte, Zinchenko, Rodrigo, Fernandinho (C), Bernardo, Mahrez, Foden, Jesus Arsenal : Runarsson; Mustafi, Gabriel, Kolasinac; Maitland-Niles, Elneny, Ceballos, Cedric; Willock, Lacazette, Martinelli. Publi\u00e9 dans : Mahrez [&hellip;]<\/p>\n","protected":false},"author":1738,"featured_media":0,"comment_status":"closed","ping_status":"closed","sticky":false,"template":"","format":"standard","meta":{"fifu_image_url":"\/\/cdn.lebuteur.com\/data\/images\/article\/thumbs\/large-man-city-mahrez-titulaire-face-a-arsenal-614f4.jpg","fifu_image_alt":"Pros : Man City : Mahrez titulaire face \u00e0 Arsenal","footnotes":""},"categories":[53,75],"tags":[],"class_list":["post-107775","post","type-post","status-publish","format-standard","hentry","category-algerie","category-sport"],"_links":{"self":[{"href":"https:\/\/linitiative.ca\/International\/wp-json\/wp\/v2\/posts\/107775","targetHints":{"allow":["GET"]}}],"collection":[{"href":"https:\/\/linitiative.ca\/International\/wp-json\/wp\/v2\/posts"}],"about":[{"href":"https:\/\/linitiative.ca\/International\/wp-json\/wp\/v2\/types\/post"}],"author":[{"embeddable":true,"href":"https:\/\/linitiative.ca\/International\/wp-json\/wp\/v2\/users\/1738"}],"replies":[{"embeddable":true,"href":"https:\/\/linitiative.ca\/International\/wp-json\/wp\/v2\/comments?post=107775"}],"version-history":[{"count":0,"href":"https:\/\/linitiative.ca\/International\/wp-json\/wp\/v2\/posts\/107775\/revisions"}],"wp:attachment":[{"href":"https:\/\/linitiative.ca\/International\/wp-json\/wp\/v2\/media?parent=107775"}],"wp:term":[{"taxonomy":"category","embeddable":true,"href":"https:\/\/linitiative.ca\/International\/wp-json\/wp\/v2\/categories?post=107775"},{"taxonomy":"post_tag","embeddable":true,"href":"https:\/\/linitiative.ca\/International\/wp-json\/wp\/v2\/tags?post=107775"}],"curies":[{"name":"wp","href":"https:\/\/api.w.org\/{rel}","templated":true}]}}