{"id":107794,"date":"2020-12-22T05:00:00","date_gmt":"2020-12-22T10:00:00","guid":{"rendered":"https:\/\/linitiative.ca\/International\/a-notre-sante\/"},"modified":"2020-12-22T05:00:00","modified_gmt":"2020-12-22T10:00:00","slug":"a-notre-sante","status":"publish","type":"post","link":"https:\/\/linitiative.ca\/International\/a-notre-sante\/","title":{"rendered":"\u00c0 notre sant\u00e9 !"},"content":{"rendered":"<p class=\"c4\">&#8211; Dis ! T\u2019as vu ? Tebboune et Macron se sont parl\u00e9 au t\u00e9l\u00e9phone.<br \/>&#8211; Ouais ! Et m\u00eame qu\u2019ils ont une\u00a0 conversation de malades !\u00a0<br \/>&#8211; ???<\/p>\n<p class=\"c4\">Maintenant que Djidji va mieux et qu\u2019il doit rentrer \u00ab imminemment-sous-peu \u00bb, je peux d\u00e9cemment aborder le sujet. Une fois la pand\u00e9mie jugul\u00e9e \u00ab vaccinellement \u00bb ou naturellement, par extinction du virus comme suppos\u00e9 par le professeur Raoult, il faudra bien cesser avec cette pratique d\u00e9sastreuse sur l\u2019opinion. Celle des dirigeants d\u00e9z\u00e9diens qui partent se soigner \u00e0 l\u2019\u00e9tranger. D\u00e9sol\u00e9, mais ne pas l\u2019\u00e9crire et ne pas le dire, juste le murmurer loin des micros et des cam\u00e9ras, c\u2019est tout bonnement malhonn\u00eate et surtout injuste pour qui veut encore croire en un voyage vers la 2e R\u00e9publique. L\u2019Alg\u00e9rie qui part se soigner \u00e0 l\u2019\u00e9tranger ne peut pas endosser concomitamment un dossier aussi scandaleux et calamiteux que celui de l\u2019inauguration de la \u00ab Grande Mosqu\u00e9e \u00bb de Mohammadia ! Non ! Notre syst\u00e8me de sant\u00e9 doit se rendre capable de soigner ses pr\u00e9sidents, ses ministres, ses militaires et tous ses hauts responsables ici. ICI ! C\u2019est le meilleur des messages de cr\u00e9dibilit\u00e9 et de changement que l\u2019on puisse lancer au peuple. Sinon, comment faire confiance en des feuilles de route qui demandent et exigent le sacrifice des quidams et qui, ensuite, prennent l\u2019avion vers des h\u00f4pitaux occidentaux ? \u00c7a casse toute une d\u00e9marche de renforcement de la coh\u00e9sion nationale. D\u2019autant plus que les comp\u00e9tences locales existent. Je m\u2019inscris en faux contre tous ceux qui penseraient le contraire. Nous avons de bons m\u00e9decins. D\u2019excellents m\u00e9decins. Le probl\u00e8me n\u2019est pas l\u00e0. Il est dans la symbolique et la concr\u00e9tisation de la seule r\u00e9forme de sant\u00e9 qui vaille en ces moments de refondation. Et ne me r\u00e9torquez pas \u00ab populisme \u00bb. Non ! Juste m\u00e9decine populaire. C\u2019est-\u00e0-dire accessible \u00e0 tous, quel que soit le rang du patient. \u00c0 domicile d\u00e9z\u00e9dien. Chez nous. Sans pr\u00e9tention stupide \u00e0 nous classer meilleure m\u00e9decine d\u2019Afrique, de M\u00e9diterran\u00e9e ou de Tartempion ! Foutaises ! Soigner le premier citoyen, comme le dernier, ici. Pas ailleurs ! Sinon, nous ne serons pas sortis de l\u2019Apartheid sanitaire h\u00e9rit\u00e9 de la double d\u00e9cennie noire bouteflikienne ! Je fume du th\u00e9 et je reste \u00e9veill\u00e9, le cauchemar continue.<br \/><em><strong>H. L.<\/strong><\/em><\/p>\n<p>Auteur:<br \/>\n<a href=\"https:\/\/www.lesoirdalgerie.com\/pousse-avec-eux\/a-notre-sante-53414\">Cliquez ici pour lire l&rsquo;article depuis sa source.<\/a><\/p>\n","protected":false},"excerpt":{"rendered":"<p>&#8211; Dis ! T\u2019as vu ? Tebboune et Macron se sont parl\u00e9 au t\u00e9l\u00e9phone.&#8211; Ouais ! Et m\u00eame qu\u2019ils ont une\u00a0 conversation de malades !\u00a0&#8211; ??? Maintenant que Djidji va mieux et qu\u2019il doit rentrer \u00ab imminemment-sous-peu \u00bb, je peux d\u00e9cemment aborder le sujet. Une fois la pand\u00e9mie jugul\u00e9e \u00ab vaccinellement \u00bb ou naturellement, par [&hellip;]<\/p>\n","protected":false},"author":1741,"featured_media":0,"comment_status":"closed","ping_status":"closed","sticky":false,"template":"","format":"standard","meta":{"fifu_image_url":"","fifu_image_alt":"","footnotes":""},"categories":[73,53],"tags":[],"class_list":["post-107794","post","type-post","status-publish","format-standard","hentry","category-actualite","category-algerie"],"_links":{"self":[{"href":"https:\/\/linitiative.ca\/International\/wp-json\/wp\/v2\/posts\/107794","targetHints":{"allow":["GET"]}}],"collection":[{"href":"https:\/\/linitiative.ca\/International\/wp-json\/wp\/v2\/posts"}],"about":[{"href":"https:\/\/linitiative.ca\/International\/wp-json\/wp\/v2\/types\/post"}],"author":[{"embeddable":true,"href":"https:\/\/linitiative.ca\/International\/wp-json\/wp\/v2\/users\/1741"}],"replies":[{"embeddable":true,"href":"https:\/\/linitiative.ca\/International\/wp-json\/wp\/v2\/comments?post=107794"}],"version-history":[{"count":0,"href":"https:\/\/linitiative.ca\/International\/wp-json\/wp\/v2\/posts\/107794\/revisions"}],"wp:attachment":[{"href":"https:\/\/linitiative.ca\/International\/wp-json\/wp\/v2\/media?parent=107794"}],"wp:term":[{"taxonomy":"category","embeddable":true,"href":"https:\/\/linitiative.ca\/International\/wp-json\/wp\/v2\/categories?post=107794"},{"taxonomy":"post_tag","embeddable":true,"href":"https:\/\/linitiative.ca\/International\/wp-json\/wp\/v2\/tags?post=107794"}],"curies":[{"name":"wp","href":"https:\/\/api.w.org\/{rel}","templated":true}]}}