{"id":107795,"date":"2020-12-22T05:00:00","date_gmt":"2020-12-22T10:00:00","guid":{"rendered":"https:\/\/linitiative.ca\/International\/maroc-israel-avant-les-relations-diplomatiques-60-ans-de-cooperation-secrete\/"},"modified":"2020-12-22T05:00:00","modified_gmt":"2020-12-22T10:00:00","slug":"maroc-israel-avant-les-relations-diplomatiques-60-ans-de-cooperation-secrete","status":"publish","type":"post","link":"https:\/\/linitiative.ca\/International\/maroc-israel-avant-les-relations-diplomatiques-60-ans-de-cooperation-secrete\/","title":{"rendered":"Maroc-Isra\u00ebl : avant les relations diplomatiques, 60 ans de coop\u00e9ration secr\u00e8te"},"content":{"rendered":"<p class=\"c4\">Le ministre des Affaires \u00e9trang\u00e8res marocain l\u2019a lui-m\u00eame dit : il ne s\u2019agit pas d\u2019une normalisation, mais d\u2019une reprise normale des relations entre le Maroc et Isra\u00ebl. Ce rapprochement r\u00e9cent n\u2019a rien donc de surprenant. C\u2019est le contraire qui aurait \u00e9t\u00e9 une anomalie \u00e0 bien des \u00e9gards : le Maroc est le seul pays musulman reconnaissant sa part de juda\u00eft\u00e9 dans sa Constitution. Durant la Seconde Guerre mondiale, le roi Mohammed V d\u00e9fendit sa communaut\u00e9 juive contre les lois antis\u00e9mites du r\u00e9gime de Vichy, avec une d\u00e9termination qui lui a valu la v\u00e9n\u00e9ration des Juifs marocains.\u00a0<br \/>Aujourd\u2019hui encore, et malgr\u00e9 la fermeture des bureaux de liaison au d\u00e9but des ann\u00e9es 2000, les Juifs sont des sujets marocains \u00e0 part enti\u00e8re. De nos jours, on estime que 800 000 Isra\u00e9liens sont originaires du Maroc sur une population totale d\u2019environ 6,2 millions. 156 500 personnes sont n\u00e9es au Maroc et 336 000 en Isra\u00ebl d\u2019un ou de deux parents marocains, le reste formant la troisi\u00e8me g\u00e9n\u00e9ration. Or, ces isra\u00e9lo-marocains ne se sont pas content\u00e9s d\u2019entretenir une m\u00e9moire individuelle et familiale du pays natal dans l\u2019espace domestique priv\u00e9, ils sont \u00e9galement \u00e0 l\u2019origine de l\u2019introduction \u00e0 l\u2019int\u00e9rieur de l\u2019espace public de symboles traditionnels du Makhzen.\u00a0<br \/>Il s\u2019agit, par cons\u00e9quent, de la cons\u00e9cration diplomatique de liens multiformes, anciens et forts entre le royaume alaouite et l\u2019entit\u00e9 sioniste. Ces derniers, qui ont annonc\u00e9 le r\u00e9tablissement de leurs relations officielles, coop\u00e9raient d\u00e9j\u00e0, dans un secret relatif, depuis plus de 60 ans, notamment en mati\u00e8re de renseignement, de s\u00e9curit\u00e9, de d\u00e9fense\u00a0 et de diplomatie.<br \/>Il est \u00e9tabli dans ce cadre que l\u2019\u00c9tat h\u00e9breu a aid\u00e9 le Maroc \u00e0 obtenir des armes et du mat\u00e9riel militaire de pointe et a \u00e9galement contribu\u00e9 au d\u00e9veloppement du savoir-faire des FAR. On sait aussi que ce sont les Isra\u00e9liens qui ont inspir\u00e9 au roi Hassan II l\u2019id\u00e9e de la Marche Verte sur le Sahara Occidental. Et on n\u2019ignore pas aussi que ce sont des muses isra\u00e9liennes qui lui ont souffl\u00e9 l\u2019id\u00e9e du Mur de protection dans les territoires du Rio de Oro et de Saguia El Hamra colonis\u00e9s ensuite par le Maroc. De m\u00eame, et c\u2019est de notori\u00e9t\u00e9 publique, que des Isra\u00e9liens ont aid\u00e9 les Marocains \u00e0 \u00e9difier le mur de sable inspir\u00e9 de la ligne Bar-Lev, cette cha\u00eene de fortifications militaires construites le long de la c\u00f4te du canal de Suez apr\u00e8s la conqu\u00eate du Sina\u00ef. Et, c\u2019est \u00e9galement un fait admis, le Mossad a aid\u00e9 le Palais royal \u00e0 assassiner \u00e0 Paris, avec la complicit\u00e9 des services fran\u00e7ais, Mehdi Ben Barka, chef de l\u2019opposition tant redout\u00e9 par le roi Hassan II, moins de cinq ans seulement apr\u00e8s son accession au tr\u00f4ne.\u00a0<br \/>En parall\u00e8le, Hassan II a autoris\u00e9 l\u2019\u00e9migration massive de Juifs marocains vers Isra\u00ebl (environ un million), et a permis \u00e0 l\u2019arm\u00e9e isra\u00e9lienne, de mani\u00e8re d\u00e9cisive, de remporter la guerre de 1967. Il a de m\u00eame contribu\u00e9 activement \u00e0 la normalisation des relations entre Isra\u00ebl et l\u2019\u00c9gypte, et a essay\u00e9, en vain, d\u2019aider le Mossad \u00e0 tuer Oussama ben Laden avant les attaques terroristes du 11 septembre 2001.<br \/>Du point de vue chronologique, l\u2019accession au tr\u00f4ne d\u2019Hassan II favorise un accord entre lui et le Premier ministre isra\u00e9lien David Ben-Gourion sur l\u2019\u00e9migration des Juifs marocains alors que son p\u00e8re Mohammed V l\u2019avait interdite en 1959. Dans le cadre de cet accord, Isra\u00ebl a r\u00e9mun\u00e9r\u00e9 le Maroc pour chaque Juif autoris\u00e9 \u00e0 venir en Isra\u00ebl. C\u2019est le d\u00e9but de l\u2019op\u00e9ration Yachin. En contrepartie, Isra\u00ebl a livr\u00e9 des armes au Maroc qui ont servi contre l\u2019Alg\u00e9rie en 1963, a assur\u00e9 une formation de ses forces de s\u00e9curit\u00e9 et apport\u00e9 son appui pour ses op\u00e9rations de renseignement.<br \/>En 1965, Hassan II permet au Mossad de mettre sur \u00e9coute les salles de r\u00e9unions et les chambres priv\u00e9es des dirigeants arabes lors d\u2019un sommet arabe \u00e0 Casablanca, destin\u00e9 \u00e0 \u00e9valuer les possibilit\u00e9s d\u2019une guerre contre Isra\u00ebl. Les Isra\u00e9liens re\u00e7oivent alors des informations d\u00e9terminantes qui leur ont permis de d\u00e9clencher la guerre pr\u00e9ventive victorieuse des Six jours en 1967. Les enregistrements gracieusement fournis par Hassan II aux espions du Mossad pr\u00e9sents en masse \u00e0 Casablanca ne r\u00e9v\u00e8lent pas seulement la division qui pr\u00e9valait alors dans les rangs arabes, mais aussi que les pays du Moyen-Orient \u00e9taient peu pr\u00e9par\u00e9s \u00e0 la guerre. Ces d\u00e9tails ont \u00e9t\u00e9 r\u00e9v\u00e9l\u00e9s en 2016 par le g\u00e9n\u00e9ral Shlomo Gazit, ex-dirigeant des renseignements militaires isra\u00e9liens, dans un entretien au Yedioth Ahronoth.<br \/>Selon Ronen Bergman, journaliste d\u2019enqu\u00eate, essayiste et analyste militaire isra\u00e9lien pour le Yedioth Ahronoth et le New York Times, le Maroc a demand\u00e9 qu\u2019Isra\u00ebl lui rende la monnaie de sa pi\u00e8ce en l\u2019aidant \u00e0 \u00e9liminer Mehdi Ben Barka. Le Mossad avait pr\u00e9c\u00e9demment averti le jeune roi d\u2019une tentative de Ben Barka de le renverser \u2013 un plan auquel l\u2019opposant avait demand\u00e9 au Mossad de prendre part. Le service isra\u00e9lien a ensuite aid\u00e9 le roi \u00e0 localiser Ben Barka et \u00e0 l\u2019attirer \u00e0 Paris, o\u00f9 les agents marocains l\u2019ont tu\u00e9, au vu et au su des services fran\u00e7ais qui ont laiss\u00e9 faire. Ronen Bergman a r\u00e9v\u00e9l\u00e9 ces d\u00e9tails dans un livre publi\u00e9 en 2018 et consacr\u00e9 \u00e0 l\u2019histoire des assassinats cibl\u00e9s par les services secrets isra\u00e9liens. Il a par ailleurs publi\u00e9 un article dans le New York Times r\u00e9sumant les liens entretenus secr\u00e8tement entre le Maroc et Isra\u00ebl, au lendemain de l\u2019annonce de la restauration de leurs rapports diplomatiques.\u00a0\u00a0<br \/>En 1977, Hassan II joue un r\u00f4le essentiel en coulisses dans les pourparlers de normalisation entre Isra\u00ebl et l\u2019\u00c9gypte, Rabat abritant plusieurs rencontres secr\u00e8tes entre les conseillers de Menahem Begin et d\u2019Anwar Sadat. Ces pourparlers ont abouti au tout premier accord de paix entre Isra\u00ebl et un \u00c9tat arabe, et a conduit les dirigeants isra\u00e9liens \u00e0 persuader la Maison-Blanche de consentir une aide militaire au Maroc, selon Ronen Bergman.<br \/>Plus tard, en 1995, les services de renseignement marocains se sont efforc\u00e9s \u2013 sans succ\u00e8s, comme d\u00e9j\u00e0 soulign\u00e9 plus haut, d\u2019aider le Mossad \u00e0 \u00e9liminer Oussama Ben Laden, qui deviendra le cerveau des attentats du 11 septembre 2001, indique Bergman. Le Mossad tente alors de recruter le secr\u00e9taire particulier marocain de Ben Laden pour pouvoir le localiser, mais \u00e9choue \u00e0 le faire. Certains d\u00e9tails de cette op\u00e9ration ont \u00e9t\u00e9 publi\u00e9s par le Yedioth Ahronoth en 2006.<br \/><em><strong>N. K.<\/strong><\/em><\/p>\n<p>Auteur:<br \/>\n<a href=\"https:\/\/www.lesoirdalgerie.com\/point-virgule\/maroc-israel-avant-les-relations-diplomatiques-60-ans-de-cooperation-secrete-53413\">Cliquez ici pour lire l&rsquo;article depuis sa source.<\/a><\/p>\n","protected":false},"excerpt":{"rendered":"<p>Le ministre des Affaires \u00e9trang\u00e8res marocain l\u2019a lui-m\u00eame dit : il ne s\u2019agit pas d\u2019une normalisation, mais d\u2019une reprise normale des relations entre le Maroc et Isra\u00ebl. Ce rapprochement r\u00e9cent n\u2019a rien donc de surprenant. C\u2019est le contraire qui aurait \u00e9t\u00e9 une anomalie \u00e0 bien des \u00e9gards : le Maroc est le seul pays musulman [&hellip;]<\/p>\n","protected":false},"author":1741,"featured_media":0,"comment_status":"closed","ping_status":"closed","sticky":false,"template":"","format":"standard","meta":{"fifu_image_url":"","fifu_image_alt":"","footnotes":""},"categories":[73,53],"tags":[],"class_list":["post-107795","post","type-post","status-publish","format-standard","hentry","category-actualite","category-algerie"],"_links":{"self":[{"href":"https:\/\/linitiative.ca\/International\/wp-json\/wp\/v2\/posts\/107795","targetHints":{"allow":["GET"]}}],"collection":[{"href":"https:\/\/linitiative.ca\/International\/wp-json\/wp\/v2\/posts"}],"about":[{"href":"https:\/\/linitiative.ca\/International\/wp-json\/wp\/v2\/types\/post"}],"author":[{"embeddable":true,"href":"https:\/\/linitiative.ca\/International\/wp-json\/wp\/v2\/users\/1741"}],"replies":[{"embeddable":true,"href":"https:\/\/linitiative.ca\/International\/wp-json\/wp\/v2\/comments?post=107795"}],"version-history":[{"count":0,"href":"https:\/\/linitiative.ca\/International\/wp-json\/wp\/v2\/posts\/107795\/revisions"}],"wp:attachment":[{"href":"https:\/\/linitiative.ca\/International\/wp-json\/wp\/v2\/media?parent=107795"}],"wp:term":[{"taxonomy":"category","embeddable":true,"href":"https:\/\/linitiative.ca\/International\/wp-json\/wp\/v2\/categories?post=107795"},{"taxonomy":"post_tag","embeddable":true,"href":"https:\/\/linitiative.ca\/International\/wp-json\/wp\/v2\/tags?post=107795"}],"curies":[{"name":"wp","href":"https:\/\/api.w.org\/{rel}","templated":true}]}}