{"id":107803,"date":"2020-12-22T14:26:14","date_gmt":"2020-12-22T19:26:14","guid":{"rendered":"https:\/\/linitiative.ca\/International\/sequestration-du-fils-de-ibk-au-mali\/"},"modified":"2020-12-22T14:26:14","modified_gmt":"2020-12-22T19:26:14","slug":"sequestration-du-fils-de-ibk-au-mali","status":"publish","type":"post","link":"https:\/\/linitiative.ca\/International\/sequestration-du-fils-de-ibk-au-mali\/","title":{"rendered":"SEQUESTRATION DU FILS DE IBK AU MALI"},"content":{"rendered":"<p class=\"c3\"><em>Il vit isol\u00e9 dans la maison familiale dont certaines parties ne lui sont pas accessibles depuis plus de quatre mois. Il est lui interdit de recevoir de la visite. Certes, il a pu r\u00e9cemment avoir acc\u00e8s \u00e0 ses t\u00e9l\u00e9phones portables mais seuls lui sont autoris\u00e9s quelques contacts familiaux. Boubacar Ke\u00efta, fils de l\u2019ancien pr\u00e9sident malien, puisque c\u2019est de lui qu\u2019il s\u2019agit, n\u2019est pas loin d\u2019un prisonnier m\u00eame s\u2019il n\u2019a pas \u00e9t\u00e9 formellement jug\u00e9 et condamn\u00e9. En effet, depuis la chute de Ibrahim Boubacar Ke\u00efta (IBK), son p\u00e8re biologique, \u00ab\u00a0Bouba\u00a0\u00bb ainsi qu\u2019on l\u2019appelle affectueusement, vit une v\u00e9ritable di\u00e8te noire. Dans une missive adress\u00e9e \u00e0 la Commission nationale des droits de l\u2019Homme (CNDH), ses avocats d\u00e9noncent \u00ab\u00a0la s\u00e9questration\u00a0\u00bb de leur client et exigent que ce dernier\u00a0\u00ab\u00a0sorte rapidement des conditions arbitraires et d\u00e9gradantes\u00a0\u00bb. Seront-ils entendus\u00a0? Rien n\u2019est moins s\u00fbr. Car, nous sommes au Mali qui, depuis le 18 ao\u00fbt dernier, est devenu un Etat d\u2019exception m\u00eame si sous la pression de la Communaut\u00e9 \u00e9conomique des Etats de l\u2019Afrique de l\u2019Ouest (CEDEAO), on a tent\u00e9 de sauver les apparences en nommant un Premier ministre civil et un militaire \u00e0 la retraite comme pr\u00e9sident de la Transition. Cela est d\u2019autant plus vrai que la r\u00e9alit\u00e9 du pouvoir est toujours d\u00e9tenue par les hommes en treillis qui contr\u00f4lent pratiquement tout l\u2019appareil de l\u2019Etat. Ce sont eux qui, depuis la chute d\u2019IBK, font la loi au Mali. Tant et si bien qu\u2019ils se permettent toutes sortes de d\u00e9rives. De quoi les autorit\u00e9s de la Transition ont-elles peur\u00a0? C\u2019est la question que tout le monde se pose.<\/em><\/p>\n<p class=\"c4\"><strong><em>Ce qui arrive \u00e0 la famille Ke\u00efta au Mali, doit servir de le\u00e7on aux dirigeants africains<\/em><\/strong><\/p>\n<p class=\"c3\"><em>En tout cas, pour autant que l\u2019on soit dans un Etat de droit digne de ce nom, il n\u2019y a pas de raison que Boubacar Ke\u00efta soit assign\u00e9 \u00e0 r\u00e9sidence depuis plusieurs mois et ce, alors m\u00eame qu\u2019aucune charge ne lui a \u00e9t\u00e9 officiellement notifi\u00e9e. Tant qu\u2019\u00e0 faire, les autorit\u00e9s de la Transition auraient d\u00fb le pr\u00e9senter \u00e0 la Justice malienne pour suite \u00e0 donner. Mais de l\u00e0 \u00e0 restreindre injustement ses mouvements, ce n\u2019est ni plus ni moins qu\u2019une atteinte aux droits du fils de l\u2019autre qui, si l\u2019on en croit certains t\u00e9moignages, n\u2019est pas lui non plus totalement \u00ab libre \u00bb. Tout se passe, en effet, comme si les institutions, depuis l\u2019arriv\u00e9e des militaires au pouvoir, ne fonctionnent plus au Mali. Seuls les desiderata de la soldatesque valent loi. Pauvre Mali !\u00a0<\/em> <em>Cela dit, ce qui arrive aujourd\u2019hui \u00e0 la famille Ke\u00efta au Mali, doit servir de le\u00e7on aux dirigeants africains qui doivent comprendre qu\u2019ils exposent leur fratrie et prog\u00e9niture en les tra\u00eenant dans le cercle de la gestion du pouvoir d\u2019Etat. On l\u2019a vu au S\u00e9n\u00e9gal o\u00f9 apr\u00e8s le d\u00e9part du p\u00e8re du pouvoir, Karim Wade a eu maille \u00e0 partir avec la Justice s\u00e9n\u00e9galaise au point qu\u2019il a d\u00fb s\u2019exiler. On l\u2019a vu aussi en Afrique du Sud o\u00f9 deux fils de l\u2019ex-pr\u00e9sident que sont Duduzane et Edward Zuma, se retrouvent emp\u00eatr\u00e9s dans des scandales politico-financiers. C\u2019est le cas aussi de Karim Ke\u00efta, alors d\u00e9put\u00e9, dont les frasques avaient raviv\u00e9 la contestation qui a conduit au renversement du p\u00e8re. On peut multiplier les exemples, tant ils sont l\u00e9gion sur le continent noir.<\/em><\/p>\n<p class=\"c4\"><strong><em>Boundi OUOBA<\/em><\/strong><\/p>\n<p>Auteur: Le Pays<br \/>\n<a href=\"https:\/\/lepays.bf\/sequestration-du-fils-de-ibk-au-mali\/\">Cliquez ici pour lire l&rsquo;article depuis sa source.<\/a><\/p>\n","protected":false},"excerpt":{"rendered":"<p>Il vit isol\u00e9 dans la maison familiale dont certaines parties ne lui sont pas accessibles depuis plus de quatre mois. Il est lui interdit de recevoir de la visite. Certes, il a pu r\u00e9cemment avoir acc\u00e8s \u00e0 ses t\u00e9l\u00e9phones portables mais seuls lui sont autoris\u00e9s quelques contacts familiaux. Boubacar Ke\u00efta, fils de l\u2019ancien pr\u00e9sident malien, [&hellip;]<\/p>\n","protected":false},"author":1813,"featured_media":0,"comment_status":"closed","ping_status":"closed","sticky":false,"template":"","format":"standard","meta":{"fifu_image_url":"","fifu_image_alt":"","footnotes":""},"categories":[73,81],"tags":[],"class_list":["post-107803","post","type-post","status-publish","format-standard","hentry","category-actualite","category-burkina-faso"],"_links":{"self":[{"href":"https:\/\/linitiative.ca\/International\/wp-json\/wp\/v2\/posts\/107803","targetHints":{"allow":["GET"]}}],"collection":[{"href":"https:\/\/linitiative.ca\/International\/wp-json\/wp\/v2\/posts"}],"about":[{"href":"https:\/\/linitiative.ca\/International\/wp-json\/wp\/v2\/types\/post"}],"author":[{"embeddable":true,"href":"https:\/\/linitiative.ca\/International\/wp-json\/wp\/v2\/users\/1813"}],"replies":[{"embeddable":true,"href":"https:\/\/linitiative.ca\/International\/wp-json\/wp\/v2\/comments?post=107803"}],"version-history":[{"count":0,"href":"https:\/\/linitiative.ca\/International\/wp-json\/wp\/v2\/posts\/107803\/revisions"}],"wp:attachment":[{"href":"https:\/\/linitiative.ca\/International\/wp-json\/wp\/v2\/media?parent=107803"}],"wp:term":[{"taxonomy":"category","embeddable":true,"href":"https:\/\/linitiative.ca\/International\/wp-json\/wp\/v2\/categories?post=107803"},{"taxonomy":"post_tag","embeddable":true,"href":"https:\/\/linitiative.ca\/International\/wp-json\/wp\/v2\/tags?post=107803"}],"curies":[{"name":"wp","href":"https:\/\/api.w.org\/{rel}","templated":true}]}}