{"id":107805,"date":"2020-12-22T13:04:49","date_gmt":"2020-12-22T18:04:49","guid":{"rendered":"https:\/\/linitiative.ca\/International\/mondial-qatar-2022-14-journalistes-africains-choisis-comme-relais-des-preparatifs-en-afrique\/"},"modified":"2020-12-22T13:04:49","modified_gmt":"2020-12-22T18:04:49","slug":"mondial-qatar-2022-14-journalistes-africains-choisis-comme-relais-des-preparatifs-en-afrique","status":"publish","type":"post","link":"https:\/\/linitiative.ca\/International\/mondial-qatar-2022-14-journalistes-africains-choisis-comme-relais-des-preparatifs-en-afrique\/","title":{"rendered":"Mondial Qatar 2022 : 14 journalistes africains choisis comme relais des pr\u00e9paratifs en Afrique"},"content":{"rendered":"<div readability=\"32\">\n<p>Publi\u00e9 le 22.12.2020 \u00e0 19h04 par Christian Djimadeu<\/p>\n<\/div>\n<div readability=\"57\">\n<h2 class=\"c6\">Ces professionnels des m\u00e9dias sont des points focaux charg\u00e9s de suivre et rendre compte de la pr\u00e9paration de la comp\u00e9tition.<\/h2>\n<p class=\"c7\">Les 14 journalistes ont pris part aux activit\u00e9s pr\u00e9vues pour l\u2019inauguration officielle du site <strong>d\u2019Al Rayyan<\/strong>, quatri\u00e8me stade pr\u00e9vu pour\u00a0 la <strong>Coupe du monde Qatar 2022<\/strong>. A travers une table ronde virtuelle organis\u00e9e par le Comit\u00e9 local d\u2019organisation le 18 d\u00e9cembre 2020.<\/p>\n<p class=\"c7\">Apr\u00e8s cette table ronde, le stade de 40 000 places qui accueillera sept matches, jusqu\u2019aux huiti\u00e8mes de finale, durant le Mondial 2022, a \u00e9t\u00e9 inaugur\u00e9.\u00a0 Par \u00a0la finale de la coupe d\u2019Al Amir entre <strong>Al- Arabi<\/strong> et <strong>Al- Sadd<\/strong> \u00a0entra\u00een\u00e9 par l\u2019ancien international espagnol du FC Barcelone <strong>Xavi Hernandez<\/strong>.<\/p>\n<p class=\"c7\">La l\u00e9gende du football africain <strong>Samuel Eto\u2019o<\/strong>, l\u2019un des ambassadeurs du mondial Qatar 2022 \u00e9tait l\u2019h\u00f4te de la table ronde. \u00ab\u00a0<em>Pendant une demie heure, il a abord\u00e9 plusieurs aspects, notamment la question du ballon d\u2019or qui a fait pol\u00e9mique l\u2019ann\u00e9e derni\u00e8re, les performances des \u00e9quipes africaines au mondial, le r\u00f4le de la presse sportive africaine dans la promotion de nos stars, le patrimoine africain et les \u00e9liminatoires dudit mondial<\/em>\u00a0\u00bb, rapporte Dimitri Mebenga, le journaliste camerounais parmi les 14 d\u2019Afrique qui servent de relais sur le continent.<\/p>\n<\/div>\n<p>Auteur: Christian DJIMADEU<br \/>\n<a href=\"https:\/\/www.journalducameroun.com\/mondial-qatar-2022-14-journalistes-africains-choisis-comme-relais-des-preparatifs-en-afrique\/\">Cliquez ici pour lire l&rsquo;article depuis sa source.<\/a><\/p>\n","protected":false},"excerpt":{"rendered":"<p>Publi\u00e9 le 22.12.2020 \u00e0 19h04 par Christian Djimadeu Ces professionnels des m\u00e9dias sont des points focaux charg\u00e9s de suivre et rendre compte de la pr\u00e9paration de la comp\u00e9tition. Les 14 journalistes ont pris part aux activit\u00e9s pr\u00e9vues pour l\u2019inauguration officielle du site d\u2019Al Rayyan, quatri\u00e8me stade pr\u00e9vu pour\u00a0 la Coupe du monde Qatar 2022. A [&hellip;]<\/p>\n","protected":false},"author":1965,"featured_media":0,"comment_status":"closed","ping_status":"closed","sticky":false,"template":"","format":"standard","meta":{"fifu_image_url":"","fifu_image_alt":"","footnotes":""},"categories":[73,82],"tags":[],"class_list":["post-107805","post","type-post","status-publish","format-standard","hentry","category-actualite","category-cameroun"],"_links":{"self":[{"href":"https:\/\/linitiative.ca\/International\/wp-json\/wp\/v2\/posts\/107805","targetHints":{"allow":["GET"]}}],"collection":[{"href":"https:\/\/linitiative.ca\/International\/wp-json\/wp\/v2\/posts"}],"about":[{"href":"https:\/\/linitiative.ca\/International\/wp-json\/wp\/v2\/types\/post"}],"author":[{"embeddable":true,"href":"https:\/\/linitiative.ca\/International\/wp-json\/wp\/v2\/users\/1965"}],"replies":[{"embeddable":true,"href":"https:\/\/linitiative.ca\/International\/wp-json\/wp\/v2\/comments?post=107805"}],"version-history":[{"count":0,"href":"https:\/\/linitiative.ca\/International\/wp-json\/wp\/v2\/posts\/107805\/revisions"}],"wp:attachment":[{"href":"https:\/\/linitiative.ca\/International\/wp-json\/wp\/v2\/media?parent=107805"}],"wp:term":[{"taxonomy":"category","embeddable":true,"href":"https:\/\/linitiative.ca\/International\/wp-json\/wp\/v2\/categories?post=107805"},{"taxonomy":"post_tag","embeddable":true,"href":"https:\/\/linitiative.ca\/International\/wp-json\/wp\/v2\/tags?post=107805"}],"curies":[{"name":"wp","href":"https:\/\/api.w.org\/{rel}","templated":true}]}}