{"id":107820,"date":"2020-12-23T09:45:38","date_gmt":"2020-12-23T14:45:38","guid":{"rendered":"https:\/\/linitiative.ca\/International\/casillas-designe-directeur-adjoint-de-la-fondation-real-madrid\/"},"modified":"2020-12-23T09:45:38","modified_gmt":"2020-12-23T14:45:38","slug":"casillas-designe-directeur-adjoint-de-la-fondation-real-madrid","status":"publish","type":"post","link":"https:\/\/linitiative.ca\/International\/casillas-designe-directeur-adjoint-de-la-fondation-real-madrid\/","title":{"rendered":"Casillas d\u00e9sign\u00e9 directeur adjoint de la Fondation Real Madrid"},"content":{"rendered":"<p><strong>L\u2019ancien gardien espagnol, Iker Casillas fait son retour au Real Madrid au sein de la Fondation, la \u00ab\u00a0branche solidaire\u00a0\u00bb du club avec lequel il a gagn\u00e9 19 troph\u00e9es en tant que joueur, a annonc\u00e9 mardi le Real dans un communiqu\u00e9.<\/strong><\/p>\n<p>\u00ab\u00a0Le Real Madrid C. F. communique qu\u2019Iker Casillas int\u00e8gre la fondation Real Madrid comme adjoint au directeur g\u00e9n\u00e9ral\u00a0\u00bb, a annonc\u00e9 le club.<\/p>\n<p>La Fondation Real Madrid m\u00e8ne des actions li\u00e9es au football, comme derni\u00e8rement le financement de stages pour de jeunes joueurs en Chine et l\u2019organisation d\u2019ateliers sur la psychologie des sportifs.<\/p>\n<p>L\u2019ancien gardien de l\u2019\u00e9quipe d\u2019Espagne (167 s\u00e9lections), champion du monde en 2010 et d\u2019Europe en 2008 et 2012, revient au club cinq ans apr\u00e8s l\u2019avoir quitt\u00e9 pour terminer sa carri\u00e8re au FC Porto. Il a pris officiellement sa retraite de joueur le 4 ao\u00fbt dernier \u00e0 l\u2019\u00e2ge de 39 ans.<\/p>\n<p>\u00ab\u00a0C\u2019est une l\u00e9gende du Real Madrid, il repr\u00e9sente les valeurs de notre club et c\u2019est le meilleur gardien de notre histoire. C\u2019est une fiert\u00e9 de voir l\u2019un de ses grands capitaines revenir \u00e0 la maison\u00a0\u00bb, a soulign\u00e9 le club.<\/p>\n<p>Form\u00e9 au club, Casillas a jou\u00e9 dans l\u2019\u00e9quipe premi\u00e8re de 1999 \u00e0 2015 et a notamment remport\u00e9 trois Ligues des champions (2000, 2002, 2014) et cinq championnats d\u2019Espagne.<\/p>\n<p>Il avait rejoint Porto en 2015, mais avait d\u00fb se consacrer \u00e0 des fonctions de conseiller sportif apr\u00e8s avoir eu un infarctus \u00e0 l\u2019entra\u00eenement en mai 2019.<\/p>\n<p>Auteur: M&rsquo;hammed rahal<br \/>\n<a href=\"http:\/\/albayane.press.ma\/casillas-designe-directeur-adjoint-de-la-fondation-real-madrid.html\">Cliquez ici pour lire l&rsquo;article depuis sa source.<\/a><\/p>\n","protected":false},"excerpt":{"rendered":"<p>L\u2019ancien gardien espagnol, Iker Casillas fait son retour au Real Madrid au sein de la Fondation, la \u00ab\u00a0branche solidaire\u00a0\u00bb du club avec lequel il a gagn\u00e9 19 troph\u00e9es en tant que joueur, a annonc\u00e9 mardi le Real dans un communiqu\u00e9. \u00ab\u00a0Le Real Madrid C. F. communique qu\u2019Iker Casillas int\u00e8gre la fondation Real Madrid comme adjoint [&hellip;]<\/p>\n","protected":false},"author":1760,"featured_media":0,"comment_status":"closed","ping_status":"closed","sticky":false,"template":"","format":"standard","meta":{"fifu_image_url":"","fifu_image_alt":"","footnotes":""},"categories":[73,54],"tags":[],"class_list":["post-107820","post","type-post","status-publish","format-standard","hentry","category-actualite","category-maroc"],"_links":{"self":[{"href":"https:\/\/linitiative.ca\/International\/wp-json\/wp\/v2\/posts\/107820","targetHints":{"allow":["GET"]}}],"collection":[{"href":"https:\/\/linitiative.ca\/International\/wp-json\/wp\/v2\/posts"}],"about":[{"href":"https:\/\/linitiative.ca\/International\/wp-json\/wp\/v2\/types\/post"}],"author":[{"embeddable":true,"href":"https:\/\/linitiative.ca\/International\/wp-json\/wp\/v2\/users\/1760"}],"replies":[{"embeddable":true,"href":"https:\/\/linitiative.ca\/International\/wp-json\/wp\/v2\/comments?post=107820"}],"version-history":[{"count":0,"href":"https:\/\/linitiative.ca\/International\/wp-json\/wp\/v2\/posts\/107820\/revisions"}],"wp:attachment":[{"href":"https:\/\/linitiative.ca\/International\/wp-json\/wp\/v2\/media?parent=107820"}],"wp:term":[{"taxonomy":"category","embeddable":true,"href":"https:\/\/linitiative.ca\/International\/wp-json\/wp\/v2\/categories?post=107820"},{"taxonomy":"post_tag","embeddable":true,"href":"https:\/\/linitiative.ca\/International\/wp-json\/wp\/v2\/tags?post=107820"}],"curies":[{"name":"wp","href":"https:\/\/api.w.org\/{rel}","templated":true}]}}