{"id":107832,"date":"2020-12-23T09:46:00","date_gmt":"2020-12-23T14:46:00","guid":{"rendered":"https:\/\/linitiative.ca\/International\/les-couts-des-tests-de-depistage-de-la-covid-19-plafonnes\/"},"modified":"2020-12-23T09:46:00","modified_gmt":"2020-12-23T14:46:00","slug":"les-couts-des-tests-de-depistage-de-la-covid-19-plafonnes","status":"publish","type":"post","link":"https:\/\/linitiative.ca\/International\/les-couts-des-tests-de-depistage-de-la-covid-19-plafonnes\/","title":{"rendered":"Les co\u00fbts des tests de d\u00e9pistage de la Covid-19 plafonn\u00e9s"},"content":{"rendered":"<div id=\"originalText\" readability=\"54\">\n<p>Les co\u00fbts des tests de d\u00e9pistage du coronavirus (Covid-19) ont \u00e9t\u00e9 plafonn\u00e9s \u00e0 8800 DA pour le PCR, 3600 DA pour le test antig\u00e9nique et \u00e0 2200 DA pour le\u00a0 test\u00a0 s\u00e9rologique, a annonc\u00e9\u00a0 mercredi le minist\u00e8re\u00a0 de\u00a0 la\u00a0 Sant\u00e9, de la Population et de la R\u00e9forme hospitali\u00e8re dans un communiqu\u00e9.\u00a0<\/p>\n<p>\u00ab\u00a0En conclusion des entretiens men\u00e9s par le ministre de la Sant\u00e9, de la Population et de la R\u00e9forme hospitali\u00e8re, Abderrahmane Benbouzid, avec les repr\u00e9sentants de laboratoires d&rsquo;analyses m\u00e9dicales priv\u00e9s (membres de Bio partenaires) les co\u00fbts ont \u00e9t\u00e9 plafonn\u00e9s pour le test PCR, test antig\u00e9nique et le test s\u00e9rologique respectivement \u00e0 8800 DA, 3600 DA et 2200 DA\u00a0\u00bb, pr\u00e9cise le communiqu\u00e9.<\/p>\n<p>Il est \u00e0 noter que 19 laboratoires sur les 30 existants sur le territoire national ont adh\u00e9r\u00e9 \u00e0 cette proposition. Cette liste est amen\u00e9e \u00e0 \u00eatre \u00e9largie dans les jours suivants, souligne la m\u00eame source.<br \/>\u00a0<\/p>\n<p class=\"c6\"><strong>APS<\/strong><\/p>\n<\/div>\n<div id=\"text_core\" readability=\"54\">\n<p>Les co\u00fbts des tests de d\u00e9pistage du coronavirus (Covid-19) ont \u00e9t\u00e9 plafonn\u00e9s \u00e0 8800 DA pour le PCR, 3600 DA pour le test antig\u00e9nique et \u00e0 2200 DA pour le\u00a0 test\u00a0 s\u00e9rologique, a annonc\u00e9\u00a0 mercredi le minist\u00e8re\u00a0 de\u00a0 la\u00a0 Sant\u00e9, de la Population et de la R\u00e9forme hospitali\u00e8re dans un communiqu\u00e9.\u00a0<\/p>\n<p>\u00ab\u00a0En conclusion des entretiens men\u00e9s par le ministre de la Sant\u00e9, de la Population et de la R\u00e9forme hospitali\u00e8re, Abderrahmane Benbouzid, avec les repr\u00e9sentants de laboratoires d&rsquo;analyses m\u00e9dicales priv\u00e9s (membres de Bio partenaires) les co\u00fbts ont \u00e9t\u00e9 plafonn\u00e9s pour le test PCR, test antig\u00e9nique et le test s\u00e9rologique respectivement \u00e0 8800 DA, 3600 DA et 2200 DA\u00a0\u00bb, pr\u00e9cise le communiqu\u00e9.<\/p>\n<p>Il est \u00e0 noter que 19 laboratoires sur les 30 existants sur le territoire national ont adh\u00e9r\u00e9 \u00e0 cette proposition. Cette liste est amen\u00e9e \u00e0 \u00eatre \u00e9largie dans les jours suivants, souligne la m\u00eame source.<br \/>\u00a0<\/p>\n<p class=\"c6\"><strong>APS<\/strong><\/p>\n<\/div>\n<p>Auteur:<br \/>\n<a href=\"https:\/\/www.liberte-algerie.com\/actualite\/les-couts-des-tests-de-depistage-de-la-covid-19-plafonnes-351238\">Cliquez ici pour lire l&rsquo;article depuis sa source.<\/a><\/p>\n","protected":false},"excerpt":{"rendered":"<p>Les co\u00fbts des tests de d\u00e9pistage du coronavirus (Covid-19) ont \u00e9t\u00e9 plafonn\u00e9s \u00e0 8800 DA pour le PCR, 3600 DA pour le test antig\u00e9nique et \u00e0 2200 DA pour le\u00a0 test\u00a0 s\u00e9rologique, a annonc\u00e9\u00a0 mercredi le minist\u00e8re\u00a0 de\u00a0 la\u00a0 Sant\u00e9, de la Population et de la R\u00e9forme hospitali\u00e8re dans un communiqu\u00e9.\u00a0 \u00ab\u00a0En conclusion des entretiens [&hellip;]<\/p>\n","protected":false},"author":1742,"featured_media":0,"comment_status":"closed","ping_status":"closed","sticky":false,"template":"","format":"standard","meta":{"fifu_image_url":"","fifu_image_alt":"","footnotes":""},"categories":[73,53],"tags":[],"class_list":["post-107832","post","type-post","status-publish","format-standard","hentry","category-actualite","category-algerie"],"_links":{"self":[{"href":"https:\/\/linitiative.ca\/International\/wp-json\/wp\/v2\/posts\/107832","targetHints":{"allow":["GET"]}}],"collection":[{"href":"https:\/\/linitiative.ca\/International\/wp-json\/wp\/v2\/posts"}],"about":[{"href":"https:\/\/linitiative.ca\/International\/wp-json\/wp\/v2\/types\/post"}],"author":[{"embeddable":true,"href":"https:\/\/linitiative.ca\/International\/wp-json\/wp\/v2\/users\/1742"}],"replies":[{"embeddable":true,"href":"https:\/\/linitiative.ca\/International\/wp-json\/wp\/v2\/comments?post=107832"}],"version-history":[{"count":0,"href":"https:\/\/linitiative.ca\/International\/wp-json\/wp\/v2\/posts\/107832\/revisions"}],"wp:attachment":[{"href":"https:\/\/linitiative.ca\/International\/wp-json\/wp\/v2\/media?parent=107832"}],"wp:term":[{"taxonomy":"category","embeddable":true,"href":"https:\/\/linitiative.ca\/International\/wp-json\/wp\/v2\/categories?post=107832"},{"taxonomy":"post_tag","embeddable":true,"href":"https:\/\/linitiative.ca\/International\/wp-json\/wp\/v2\/tags?post=107832"}],"curies":[{"name":"wp","href":"https:\/\/api.w.org\/{rel}","templated":true}]}}