{"id":107836,"date":"2020-12-23T10:45:01","date_gmt":"2020-12-23T15:45:01","guid":{"rendered":"https:\/\/linitiative.ca\/International\/en-temps-de-crise-sanitaire-essaouira-demontre-sa-resilience\/"},"modified":"2020-12-23T10:45:01","modified_gmt":"2020-12-23T15:45:01","slug":"en-temps-de-crise-sanitaire-essaouira-demontre-sa-resilience","status":"publish","type":"post","link":"https:\/\/linitiative.ca\/International\/en-temps-de-crise-sanitaire-essaouira-demontre-sa-resilience\/","title":{"rendered":"En temps de crise sanitaire, Essaouira d\u00e9montre sa r\u00e9silience"},"content":{"rendered":"<p>En effet, apr\u00e8s une p\u00e9riode de confinement durant laquelle la soci\u00e9t\u00e9 locale a fait montre d\u2019un \u00e9lan de solidarit\u00e9 exemplaire pour att\u00e9nuer les effets de la pand\u00e9mie, les forces vives d\u2019Essaouira ont \u0153uvr\u00e9, dans la synergie des efforts, \u00e0 booster l\u2019image attrayante de leur Cit\u00e9, qui demeure un haut lieu touristique et culturel incontournable et un espace id\u00e9al de r\u00e9flexions et de partage du savoir.M\u00eame si cette crise sanitaire plan\u00e9taire a lourdement affect\u00e9 l\u2019activit\u00e9 touristique, les professionnels du secteur \u00e0 Essaouira ont travaill\u00e9 d\u2019arrache-pied, en coordination avec les services de tutelle, les autorit\u00e9s provinciales, les \u00e9lus et la soci\u00e9t\u00e9 civile, pour assurer, dans le cadre d\u2019une approche participative et bien concert\u00e9e, une relance s\u00fbre de la destination, \u00e0 m\u00eame de retrouver sa place de choix sur l\u2019\u00e9chiquier du tourisme national et international.<\/p>\n<p>Ainsi, le Conseil provincial du Tourisme d\u2019Essaouira (CPTE) a mis en place une strat\u00e9gie r\u00e9invent\u00e9e, inclusive et holistique de sortie de crise, bas\u00e9e sur une s\u00e9rie de piliers majeurs. Une d\u00e9marche bien pens\u00e9e ayant permis \u00e0 la Cit\u00e9 des Aliz\u00e9s de vivre une \u00ab\u00a0bonne\u00a0\u00bb saison estivale dans l\u2019ensemble, gr\u00e2ce \u00e0 la contribution du tourisme national.<\/p>\n<p>Le CPTE a aussi \u0153uvr\u00e9 pour inscrire l\u2019action promotionnelle de la destination Essaouira dans la durabilit\u00e9 et permettre sa relance sur des bases solides, en tablant notamment sur le tourisme rural et les produits de niche ainsi que sur le digital pour consolider la communication autour de la ville et son arri\u00e8re-pays.<\/p>\n<p>Pour concr\u00e9tiser cette d\u00e9marche, le CPTE, accompagn\u00e9 par l\u2019Office National Marocain du Tourisme, les autorit\u00e9s provinciales, la d\u00e9l\u00e9gation provinciale du tourisme, les instances \u00e9lues et la soci\u00e9t\u00e9 civile, ont d\u00e9cid\u00e9 de passer \u00e0 l\u2019offensive et de sauver la saison hivernale 2020-2021, en se montrant davantage \u00ab\u00a0responsables\u00a0\u00bb et \u00ab\u00a0r\u00e9inventeurs\u00a0\u00bb.<\/p>\n<p>Concomitamment \u00e0 ces efforts soutenus, un signal fort est venu confirmer la confiance des investisseurs \u00e9trangers en l\u2019attractivit\u00e9 durable de la destination Essaouira : la prochaine implantation dans la Cit\u00e9 des Aliz\u00e9s d\u2019un \u00ab\u00a0Club Med exclusive collection\u00a0\u00bb, dont l\u2019ouverture est pr\u00e9vue en 2024.<\/p>\n<p>Ce projet d\u2019envergure, qui a fait l\u2019objet d\u2019un m\u00e9morandum d\u2019entente sign\u00e9, en octobre dernier \u00e0 Marrakech, vient conf\u00e9rer \u00e0 Essaouira la dimension qu\u2019elle m\u00e9rite, non seulement parmi les destinations phares du Royaume, mais plus g\u00e9n\u00e9ralement au sein de l\u2019offre touristique \u00e0 l\u2019\u00e9chelle mondiale.<\/p>\n<p>Pour conforter cette dynamique vertueuse, une Antenne du Centre R\u00e9gional d\u2019Investissement (CRI) de Marrakech-Safi, a \u00e9t\u00e9 aussi inaugur\u00e9e dans la ville en novembre dernier. Une pr\u00e9sence indispensable dans une province dot\u00e9e d\u2019\u00e9normes potentialit\u00e9s et d\u2019opportunit\u00e9s d\u2019investissements, afin de contribuer au rayonnement p\u00e9renne de la ville et de sa r\u00e9gion.<\/p>\n<p>Malgr\u00e9 la Covid-19, la Cit\u00e9 des Aliz\u00e9s, \u00e0 travers notamment l\u2019Association Essaouira-Mogador, a \u00e9galement veill\u00e9 \u00e0 conforter son positionnement comme destination culturelle, artistique et du savoir par excellence.<\/p>\n<p>Ainsi, durant la p\u00e9riode de d\u00e9confinement, une multitude d\u2019\u00e9v\u00e9nements culturels, artistiques et scientifiques ont \u00e9t\u00e9 organis\u00e9s par l\u2019Association dans le strict respect des mesures sanitaires, dont des expositions \u00e0 l\u2019Espace \u00ab\u00a0Dar Souiri\u00a0\u00bb, qui ont enregistr\u00e9 une tr\u00e8s grande affluence.<\/p>\n<p>Ces expositions et autres rendez-vous tenus en mode virtuel, comme le 17\u00e8me Festival des Andalousies Atlantiques, ont confirm\u00e9 qu\u2019Essaouira demeure cet espace d\u2019inspiration et cette cit\u00e9 \u00ab\u00a0monde\u00a0\u00bb \u00e9rig\u00e9e en un carrefour incontournable des arts, du partage du savoir et du dialogue des cultures.<\/p>\n<p>La Cit\u00e9 des Aliz\u00e9s a \u00e9t\u00e9, d\u2019ailleurs, capable de d\u00e9montrer ce pouvoir \u00e0 demeurer un lieu privil\u00e9gi\u00e9 de r\u00e9flexions et de d\u00e9bats, qui met en avant la pertinence et la richesse scientifique et acad\u00e9mique, comme en t\u00e9moignent les deux Rencontres organis\u00e9es \u00e0 \u00ab\u00a0Bayt Dakira\u00a0\u00bb par l\u2019Association Essaouira-Mogador et le Centre d\u2019Etudes et de Recherches sur le droit h\u00e9bra\u00efque au Maroc, sur \u00ab\u00a0la singularit\u00e9 du droit h\u00e9bra\u00efque dans le droit national\u00a0\u00bb et \u00ab\u00a0la place du droit h\u00e9bra\u00efque dans l\u2019ordre juridique marocain\u00a0\u00bb.<\/p>\n<p>Des Rencontres scientifiques exceptionnelles survenues apr\u00e8s la visite historique effectu\u00e9e, en janvier dernier, par SM le Roi Mohammed VI \u00e0 cet espace spirituel et patrimonial de pr\u00e9servation et de valorisation de la m\u00e9moire jud\u00e9o-marocaine, unique en son genre au sud de la M\u00e9diterran\u00e9e et en terre d\u2019Islam.<\/p>\n<p>Cet espace embl\u00e9matique a abrit\u00e9 aussi la signature, en novembre dernier, d\u2019une convention de partenariat et de coop\u00e9ration entre le minist\u00e8re de l\u2019Education Nationale, de la Formation professionnelle, de l\u2019Enseignement sup\u00e9rieur et de la Recherche scientifique, le Centre d\u2019Etudes et de Recherches sur le Droit h\u00e9bra\u00efque au Maroc et l\u2019Association Essaouira-Mogador, pour la promotion des valeurs de tol\u00e9rance, de diversit\u00e9 et de coexistence dans les \u00e9tablissements scolaires et universitaires, refl\u00e9tant ainsi cette place de choix qu\u2019Essaouira r\u00e9serve \u00e0 l\u2019\u00e9ducation, \u00e0 la culture et \u00e0 la cons\u00e9cration de l\u2019identit\u00e9 marocaine plurielle.<\/p>\n<p>Ainsi, comme l\u2019a soulign\u00e9 M. Andr\u00e9 Azoulay, Conseiller de SM le Roi et Pr\u00e9sident-Fondateur de l\u2019Association Essaouira-Mogador, lors de la c\u00e9r\u00e9monie de signature, Bayt Dakira a donn\u00e9 \u00ab\u00a0moins d\u2019un an apr\u00e8s la visite historique de SM le Roi Mohammed VI, corps, r\u00e9alit\u00e9 et contenu \u00e0 la p\u00e9dagogie, \u00e0 l\u2019\u00e9ducation et au partage de toutes nos diversit\u00e9s\u00a0\u00bb, ajoutant qu\u2019Essaouira, forte de son partenariat avec le minist\u00e8re de l\u2019Education Nationale, \u00ab\u00a0monte une nouvelle fois en premi\u00e8re ligne, pour partager et dire au plus grand nombre la richesse et la p\u00e9rennit\u00e9 de toutes nos diversit\u00e9s qui sont plus que jamais au c\u0153ur de la modernit\u00e9 de notre soci\u00e9t\u00e9\u00a0\u00bb.<\/p>\n<p>Pour renforcer son positionnement comme espace privil\u00e9gi\u00e9 de diffusion et de transmission des savoirs, Essaouira sera aussi dot\u00e9e tr\u00e8s prochainement d\u2019une Universit\u00e9 Internationale. Un projet de grande envergure qui constitue une \u00e9tape majeure, riche de promesses pour les g\u00e9n\u00e9rations futures \u00e0 l\u2019\u00e9chelle locale, et une v\u00e9ritable valeur ajout\u00e9e \u00e0 la ville, \u00e0 m\u00eame de devenir une locomotive du d\u00e9veloppement de l\u2019\u00e9conomie du savoir au niveau provincial.<\/p>\n<p>Essaouira se pr\u00e9pare donc \u00e0 \u00ab\u00a0franchir un seuil historique avec la mise en place \u00e0 court et \u00e0 moyen termes d\u2019infrastructures universitaires et d\u2019enseignement sup\u00e9rieur d\u2019une dimension et d\u2019un niveau scientifique marqu\u00e9s du sceau de l\u2019exception\u00a0\u00bb, comme l\u2019a soutenu M. Andr\u00e9 Azoulay, qui a affirm\u00e9 que ce projet d\u2019universit\u00e9 \u00ab\u00a0va profond\u00e9ment changer, consolider et \u00e9largir pour demain les atouts et les chances d\u2019Essaouira-Mogador\u00a0\u00bb.<\/p>\n<p>Pour se projeter dans l\u2019avenir post-Covid, la cit\u00e9 des Aliz\u00e9s a \u00e9t\u00e9 \u00e9galement au rendez-vous, en novembre dernier, avec le 2\u00e8me Congr\u00e8s International des Territoires Innovants, l\u2019occasion de mener une r\u00e9flexion multidisciplinaire sur le concept de la \u00ab\u00a0Smart City\u00a0\u00bb face aux d\u00e9fis et enjeux futurs du d\u00e9veloppement.<\/p>\n<p>Malgr\u00e9 ces temps difficiles et incertains li\u00e9s \u00e0 la Covid-19, Essaouira a donc offert une illustration \u00e9loquente de l\u2019engagement ind\u00e9fectible des Souiris pour promouvoir l\u2019image d\u2019une destination touristique tr\u00e8s pris\u00e9e, qui a su \u00e9riger la culture, les arts et le savoir en une force motrice pour un d\u00e9veloppement int\u00e9gr\u00e9 et p\u00e9renne de la ville et de sa r\u00e9gion.<\/p>\n<p>Auteur: Meriem IGASS<br \/>\n<a href=\"http:\/\/www.mapmarrakech.ma\/fr\/en-temps-de-crise-sanitaire-essaouira-demontre-sa-resilience\/\">Cliquez ici pour lire l&rsquo;article depuis sa source.<\/a><\/p>\n","protected":false},"excerpt":{"rendered":"<p>En effet, apr\u00e8s une p\u00e9riode de confinement durant laquelle la soci\u00e9t\u00e9 locale a fait montre d\u2019un \u00e9lan de solidarit\u00e9 exemplaire pour att\u00e9nuer les effets de la pand\u00e9mie, les forces vives d\u2019Essaouira ont \u0153uvr\u00e9, dans la synergie des efforts, \u00e0 booster l\u2019image attrayante de leur Cit\u00e9, qui demeure un haut lieu touristique et culturel incontournable et [&hellip;]<\/p>\n","protected":false},"author":1788,"featured_media":0,"comment_status":"closed","ping_status":"closed","sticky":false,"template":"","format":"standard","meta":{"fifu_image_url":"","fifu_image_alt":"","footnotes":""},"categories":[54,76],"tags":[],"class_list":["post-107836","post","type-post","status-publish","format-standard","hentry","category-maroc","category-regions"],"_links":{"self":[{"href":"https:\/\/linitiative.ca\/International\/wp-json\/wp\/v2\/posts\/107836","targetHints":{"allow":["GET"]}}],"collection":[{"href":"https:\/\/linitiative.ca\/International\/wp-json\/wp\/v2\/posts"}],"about":[{"href":"https:\/\/linitiative.ca\/International\/wp-json\/wp\/v2\/types\/post"}],"author":[{"embeddable":true,"href":"https:\/\/linitiative.ca\/International\/wp-json\/wp\/v2\/users\/1788"}],"replies":[{"embeddable":true,"href":"https:\/\/linitiative.ca\/International\/wp-json\/wp\/v2\/comments?post=107836"}],"version-history":[{"count":0,"href":"https:\/\/linitiative.ca\/International\/wp-json\/wp\/v2\/posts\/107836\/revisions"}],"wp:attachment":[{"href":"https:\/\/linitiative.ca\/International\/wp-json\/wp\/v2\/media?parent=107836"}],"wp:term":[{"taxonomy":"category","embeddable":true,"href":"https:\/\/linitiative.ca\/International\/wp-json\/wp\/v2\/categories?post=107836"},{"taxonomy":"post_tag","embeddable":true,"href":"https:\/\/linitiative.ca\/International\/wp-json\/wp\/v2\/tags?post=107836"}],"curies":[{"name":"wp","href":"https:\/\/api.w.org\/{rel}","templated":true}]}}