{"id":107845,"date":"2020-12-23T13:49:07","date_gmt":"2020-12-23T18:49:07","guid":{"rendered":"https:\/\/linitiative.ca\/International\/interruption-de-la-circulation-sur-la-route-alaassla-hassi-berkane\/"},"modified":"2020-12-23T13:49:07","modified_gmt":"2020-12-23T18:49:07","slug":"interruption-de-la-circulation-sur-la-route-alaassla-hassi-berkane","status":"publish","type":"post","link":"https:\/\/linitiative.ca\/International\/interruption-de-la-circulation-sur-la-route-alaassla-hassi-berkane\/","title":{"rendered":"Interruption de la circulation sur la route Alaassla-Hassi Berkane"},"content":{"rendered":"<div class=\"single-featured\"><img alt=\"\" data-src=\"http:\/\/www.mapoujda.ma\/map\/uploads\/2020\/12\/Travaux-de-R&#xE9;habilitation-et-d&#x2019;Entretien-de-la-Route-750&#xD7;430-MAP.jpg\"\/><\/div>\n<div class=\"entry-content clearfix single-post-content\" readability=\"49\">\n<p class=\"c4\">La circulation sera coup\u00e9e ce mercredi pendant deux heures sur le tron\u00e7on de la route r\u00e9gionale n\u00b0603 entre Alaassla et Hassi Berkane via le barrage de Mechraa Hammadi, pour permettre aux services comp\u00e9tents de r\u00e9aliser un diagnostic au niveau du barrage Mechraa Hammadi.<\/p>\n<p class=\"c4\">La d\u00e9viation de la circulation est possible via la route nationale n\u00b019 entre Hassi Berkane et Taourirt, puis la route nationale n\u00b06 vers Alaassla en direction d\u2019El Aoune Sidi Mellouk en passant par Talwat, indique un communiqu\u00e9 du minist\u00e8re de l\u2019Equipement, du Transport, de la Logistique et de l\u2019Eau.<\/p>\n<p class=\"c4\">Le minist\u00e8re reste \u00e0 la disposition des citoyens 24h\/24h pour leur fournir toutes les informations n\u00e9cessaires et les invite \u00e0 consulter les bulletins annonc\u00e9s r\u00e9guli\u00e8rement par le biais de son portail www.equipement.gov.ma ou contacter le centre de permanence de la Direction g\u00e9n\u00e9rale des routes et du transport terrestre sur le num\u00e9ro 0537711717.<\/p>\n<\/div>\n<p>Auteur: Soufiane ELAHMAR<br \/>\n<a href=\"http:\/\/www.mapoujda.ma\/fr\/interruption-de-la-circulation-sur-la-route-regionale-alaassla-hassi-berkane\/\">Cliquez ici pour lire l&rsquo;article depuis sa source.<\/a><\/p>\n","protected":false},"excerpt":{"rendered":"<p>La circulation sera coup\u00e9e ce mercredi pendant deux heures sur le tron\u00e7on de la route r\u00e9gionale n\u00b0603 entre Alaassla et Hassi Berkane via le barrage de Mechraa Hammadi, pour permettre aux services comp\u00e9tents de r\u00e9aliser un diagnostic au niveau du barrage Mechraa Hammadi. La d\u00e9viation de la circulation est possible via la route nationale n\u00b019 [&hellip;]<\/p>\n","protected":false},"author":1788,"featured_media":0,"comment_status":"closed","ping_status":"closed","sticky":false,"template":"","format":"standard","meta":{"fifu_image_url":"http:\/\/www.mapoujda.ma\/map\/uploads\/2020\/12\/Travaux-de-R\u00e9habilitation-et-d\u2019Entretien-de-la-Route-750\u00d7430-MAP.jpg","fifu_image_alt":"Interruption de la circulation sur la route Alaassla-Hassi Berkane","footnotes":""},"categories":[54,76],"tags":[],"class_list":["post-107845","post","type-post","status-publish","format-standard","hentry","category-maroc","category-regions"],"_links":{"self":[{"href":"https:\/\/linitiative.ca\/International\/wp-json\/wp\/v2\/posts\/107845","targetHints":{"allow":["GET"]}}],"collection":[{"href":"https:\/\/linitiative.ca\/International\/wp-json\/wp\/v2\/posts"}],"about":[{"href":"https:\/\/linitiative.ca\/International\/wp-json\/wp\/v2\/types\/post"}],"author":[{"embeddable":true,"href":"https:\/\/linitiative.ca\/International\/wp-json\/wp\/v2\/users\/1788"}],"replies":[{"embeddable":true,"href":"https:\/\/linitiative.ca\/International\/wp-json\/wp\/v2\/comments?post=107845"}],"version-history":[{"count":0,"href":"https:\/\/linitiative.ca\/International\/wp-json\/wp\/v2\/posts\/107845\/revisions"}],"wp:attachment":[{"href":"https:\/\/linitiative.ca\/International\/wp-json\/wp\/v2\/media?parent=107845"}],"wp:term":[{"taxonomy":"category","embeddable":true,"href":"https:\/\/linitiative.ca\/International\/wp-json\/wp\/v2\/categories?post=107845"},{"taxonomy":"post_tag","embeddable":true,"href":"https:\/\/linitiative.ca\/International\/wp-json\/wp\/v2\/tags?post=107845"}],"curies":[{"name":"wp","href":"https:\/\/api.w.org\/{rel}","templated":true}]}}