{"id":107847,"date":"2020-12-23T14:54:11","date_gmt":"2020-12-23T19:54:11","guid":{"rendered":"https:\/\/linitiative.ca\/International\/novartis-maintient-son-engagement-au-maroc\/"},"modified":"2020-12-23T14:54:11","modified_gmt":"2020-12-23T19:54:11","slug":"novartis-maintient-son-engagement-au-maroc","status":"publish","type":"post","link":"https:\/\/linitiative.ca\/International\/novartis-maintient-son-engagement-au-maroc\/","title":{"rendered":"Novartis maintient son engagement au Maroc"},"content":{"rendered":"<p class=\"rtejustify\">Novartis confirme son engagement sur le march\u00e9 marocain. Le sp\u00e9cialiste mondial de l\u2019industrie pharmaceutique qui fait du Maroc l\u2019une de ses principales zones d\u2019activit\u00e9 dans la r\u00e9gion vient d\u2019inaugurer de nouveaux locaux \u00e0 Casablanca. Situ\u00e9s \u00e0 Sidi Maarouf, ces nouveaux espaces traduisent, selon Novartis, \u00absa d\u00e9marche active en faveur du bien-\u00eatre de ses collaborateurs\u00bb puisqu\u2019ils s\u2019appuient sur le concept d\u2019Activity Based Working (ABW), fond\u00e9 sur la d\u00e9mat\u00e9rialisation de la notion de poste de travail et la promotion du partage, de la mobilit\u00e9 et de l\u2019efficacit\u00e9 augment\u00e9e. L\u2019entreprise a, dans ce sens et malgr\u00e9 le contexte \u00e9conomique difficile li\u00e9 \u00e0 la pand\u00e9mie du covid-19, maintenu l\u2019ensemble de ses emplois, et m\u00eame d&rsquo;investir dans le d\u00e9veloppement de carri\u00e8re de ses collaborateurs.<br \/><em>\u00a0M.A.B.<\/em><\/p>\n<p>Auteur: hlafriqi<br \/>\n<a href=\"https:\/\/www.leconomiste.com\/article\/1071120-novartis-maintient-son-engagement-au-maroc\">Cliquez ici pour lire l&rsquo;article depuis sa source.<\/a><\/p>\n","protected":false},"excerpt":{"rendered":"<p>Novartis confirme son engagement sur le march\u00e9 marocain. Le sp\u00e9cialiste mondial de l\u2019industrie pharmaceutique qui fait du Maroc l\u2019une de ses principales zones d\u2019activit\u00e9 dans la r\u00e9gion vient d\u2019inaugurer de nouveaux locaux \u00e0 Casablanca. Situ\u00e9s \u00e0 Sidi Maarouf, ces nouveaux espaces traduisent, selon Novartis, \u00absa d\u00e9marche active en faveur du bien-\u00eatre de ses collaborateurs\u00bb puisqu\u2019ils [&hellip;]<\/p>\n","protected":false},"author":1763,"featured_media":0,"comment_status":"closed","ping_status":"closed","sticky":false,"template":"","format":"standard","meta":{"fifu_image_url":"","fifu_image_alt":"","footnotes":""},"categories":[78,54],"tags":[],"class_list":["post-107847","post","type-post","status-publish","format-standard","hentry","category-economie","category-maroc"],"_links":{"self":[{"href":"https:\/\/linitiative.ca\/International\/wp-json\/wp\/v2\/posts\/107847","targetHints":{"allow":["GET"]}}],"collection":[{"href":"https:\/\/linitiative.ca\/International\/wp-json\/wp\/v2\/posts"}],"about":[{"href":"https:\/\/linitiative.ca\/International\/wp-json\/wp\/v2\/types\/post"}],"author":[{"embeddable":true,"href":"https:\/\/linitiative.ca\/International\/wp-json\/wp\/v2\/users\/1763"}],"replies":[{"embeddable":true,"href":"https:\/\/linitiative.ca\/International\/wp-json\/wp\/v2\/comments?post=107847"}],"version-history":[{"count":0,"href":"https:\/\/linitiative.ca\/International\/wp-json\/wp\/v2\/posts\/107847\/revisions"}],"wp:attachment":[{"href":"https:\/\/linitiative.ca\/International\/wp-json\/wp\/v2\/media?parent=107847"}],"wp:term":[{"taxonomy":"category","embeddable":true,"href":"https:\/\/linitiative.ca\/International\/wp-json\/wp\/v2\/categories?post=107847"},{"taxonomy":"post_tag","embeddable":true,"href":"https:\/\/linitiative.ca\/International\/wp-json\/wp\/v2\/tags?post=107847"}],"curies":[{"name":"wp","href":"https:\/\/api.w.org\/{rel}","templated":true}]}}