{"id":107876,"date":"2020-12-23T13:56:27","date_gmt":"2020-12-23T18:56:27","guid":{"rendered":"https:\/\/linitiative.ca\/International\/coronavirus-lue-debloque-169-millions-deuros-au-profit-du-maroc\/"},"modified":"2020-12-23T13:56:27","modified_gmt":"2020-12-23T18:56:27","slug":"coronavirus-lue-debloque-169-millions-deuros-au-profit-du-maroc","status":"publish","type":"post","link":"https:\/\/linitiative.ca\/International\/coronavirus-lue-debloque-169-millions-deuros-au-profit-du-maroc\/","title":{"rendered":"Coronavirus :  l\u2019UE d\u00e9bloque 169 millions d\u2019euros au profit du Maroc"},"content":{"rendered":"<p><strong>L\u2019Union Europ\u00e9enne (UE) vient de d\u00e9caisser 169 millions d\u2019euros en faveur du Maroc. Cette envelopper vise \u00e0 permettre au royaume de renforcer sa r\u00e9ponse m\u00e9dicale face \u00e0 la pand\u00e9mie de coronavirus.<br \/><\/strong><br \/>Ledit financement permettra aussi de mettre en place des mesures visant \u00e0 att\u00e9nuer l\u2019impact socio-\u00e9conomique de la crise sanitaire. \u00ab\u00a0Ce dernier paiement s\u2019inscrit dans le cadre de l\u2019engagement pris par l\u2019UE de mobiliser 450 millions d\u2019euros en faveur du Maroc dans le cadre de la lutte contre le coronavirus\u00a0\u00bb, a pr\u00e9cis\u00e9 la Commission europ\u00e9enne le 23 d\u00e9cembre.<\/p>\n<div class=\"c10\"\/>\n<p><strong>Lire aussi| <a href=\"https:\/\/www.challenge.ma\/google-va-accompagner-des-startups-marocaines-169840\/\">Google va accompagner des startups marocaines<\/a><\/strong><\/p>\n<p>L\u2019UE rappelle qu\u2019un montant pr\u00e9c\u00e9dent de 264 millions d\u2019euros a d\u00e9j\u00e0 \u00e9t\u00e9 vers\u00e9 au Maroc au d\u00e9but du mois de mars, et que cette aide a permis au royaume \u00e0 la fois de renforcer sa r\u00e9ponse m\u00e9dicale \u00e0 la pand\u00e9mie de Covid-19 et de mettre en place des mesures visant \u00e0 att\u00e9nuer les effets sociaux et \u00e9conomiques de la pand\u00e9mie.<\/p>\n<p>\u00ab\u00a0La stimulation de la croissance et de l\u2019emploi pour garantir des moyens de subsistance et maintenir \u00e0 flot les entreprises touch\u00e9es par la crise actuelle est une priorit\u00e9 essentielle pour les deux parties\u00a0\u00bb, a assur\u00e9 le commissaire europ\u00e9en au voisinage et \u00e0 l\u2019\u00e9largissement, Oliv\u00e9r V\u00e1rhelyi.<\/p>\n<p><strong>Lire aussi| <a href=\"https:\/\/www.challenge.ma\/lgv-kenitra-marrakech-une-enveloppe-budgetaire-de-40-milliards-de-dh-pour-la-realisation-169864\/\">LGV Kenitra-Marrakech : une enveloppe budg\u00e9taire de 40 milliards de DH pour la r\u00e9alisation<\/a><\/strong><\/p>\n<p>Pour rappel, sur la p\u00e9riode 2014-2020, environ 1,4 milliard d\u2019euros (environ 200 millions d\u2019euros par an) a \u00e9t\u00e9 allou\u00e9 par l\u2019UE au titre de l\u2019aide bilat\u00e9rale au Maroc, ax\u00e9e sur le soutien au d\u00e9veloppement inclusif et \u00e0 l\u2019acc\u00e8s \u00e9quitable aux services sociaux de base (\u00e9ducation, sant\u00e9, protection sociale), \u00e0 la gouvernance d\u00e9mocratique, \u00e0 l\u2019\u00c9tat de droit et au d\u00e9veloppement de la soci\u00e9t\u00e9 civile, au soutien au secteur priv\u00e9, \u00e0 la croissance durable et \u00e0 la cr\u00e9ation d\u2019emplois, en particulier chez les jeunes).<\/p>\n<p>Auteur: challenge<br \/>\n<a href=\"https:\/\/www.challenge.ma\/coronavirus-lue-debloque-169-millions-deuros-au-profit-du-maroc-169926\/\">Cliquez ici pour lire l&rsquo;article depuis sa source.<\/a><\/p>\n","protected":false},"excerpt":{"rendered":"<p>L\u2019Union Europ\u00e9enne (UE) vient de d\u00e9caisser 169 millions d\u2019euros en faveur du Maroc. Cette envelopper vise \u00e0 permettre au royaume de renforcer sa r\u00e9ponse m\u00e9dicale face \u00e0 la pand\u00e9mie de coronavirus.Ledit financement permettra aussi de mettre en place des mesures visant \u00e0 att\u00e9nuer l\u2019impact socio-\u00e9conomique de la crise sanitaire. \u00ab\u00a0Ce dernier paiement s\u2019inscrit dans le [&hellip;]<\/p>\n","protected":false},"author":1787,"featured_media":0,"comment_status":"closed","ping_status":"closed","sticky":false,"template":"","format":"standard","meta":{"fifu_image_url":"","fifu_image_alt":"","footnotes":""},"categories":[78,54],"tags":[],"class_list":["post-107876","post","type-post","status-publish","format-standard","hentry","category-economie","category-maroc"],"_links":{"self":[{"href":"https:\/\/linitiative.ca\/International\/wp-json\/wp\/v2\/posts\/107876","targetHints":{"allow":["GET"]}}],"collection":[{"href":"https:\/\/linitiative.ca\/International\/wp-json\/wp\/v2\/posts"}],"about":[{"href":"https:\/\/linitiative.ca\/International\/wp-json\/wp\/v2\/types\/post"}],"author":[{"embeddable":true,"href":"https:\/\/linitiative.ca\/International\/wp-json\/wp\/v2\/users\/1787"}],"replies":[{"embeddable":true,"href":"https:\/\/linitiative.ca\/International\/wp-json\/wp\/v2\/comments?post=107876"}],"version-history":[{"count":0,"href":"https:\/\/linitiative.ca\/International\/wp-json\/wp\/v2\/posts\/107876\/revisions"}],"wp:attachment":[{"href":"https:\/\/linitiative.ca\/International\/wp-json\/wp\/v2\/media?parent=107876"}],"wp:term":[{"taxonomy":"category","embeddable":true,"href":"https:\/\/linitiative.ca\/International\/wp-json\/wp\/v2\/categories?post=107876"},{"taxonomy":"post_tag","embeddable":true,"href":"https:\/\/linitiative.ca\/International\/wp-json\/wp\/v2\/tags?post=107876"}],"curies":[{"name":"wp","href":"https:\/\/api.w.org\/{rel}","templated":true}]}}