{"id":107878,"date":"2020-12-23T15:54:33","date_gmt":"2020-12-23T20:54:33","guid":{"rendered":"https:\/\/linitiative.ca\/International\/avoirs-et-liquides-detenus-a-letranger-plus-que-7-jours-pour-beneficier-de-lamnistie-fiscale\/"},"modified":"2020-12-23T15:54:33","modified_gmt":"2020-12-23T20:54:33","slug":"avoirs-et-liquides-detenus-a-letranger-plus-que-7-jours-pour-beneficier-de-lamnistie-fiscale","status":"publish","type":"post","link":"https:\/\/linitiative.ca\/International\/avoirs-et-liquides-detenus-a-letranger-plus-que-7-jours-pour-beneficier-de-lamnistie-fiscale\/","title":{"rendered":"Avoirs et liquides d\u00e9tenus \u00e0 l\u2019\u00e9tranger :  plus que 7 jours pour b\u00e9n\u00e9ficier de l\u2019amnistie fiscale"},"content":{"rendered":"<p><strong>Alors que l\u2019Office des changes tablait sur un chiffre de 4 \u00e0 5 milliards de DH de biens et d\u2019avoirs liquides d\u00e9clar\u00e9s avant la fin de l\u2019ann\u00e9e, le montant n\u2019a gu\u00e8re d\u00e9pass\u00e9 2,3 milliards de DH, au 23 d\u00e9cembre.<\/strong><\/p>\n<div class=\"c10\"\/>\n<p>Au 23 septembre, moins de 160 d\u00e9clarations ont\u00a0\u00e9t\u00e9 faites. Rien \u00e0 voir avec les milliers de d\u00e9clarations effectu\u00e9es en 2014. Les personnes potentiellement concern\u00e9es ne se bousculent gu\u00e8re, malgr\u00e9 l\u2019approche de l\u2019\u00e9ch\u00e9ance du 31 d\u00e9cembre. Le dernier chiffre remont\u00e9 par les banques fait ressortir un montant d\u00e9clar\u00e9 de 2,301 MMDH. Les montants d\u00e9clar\u00e9s se r\u00e9partissent, entre cash, patrimoine immobilier et valeurs mobili\u00e8res d\u00e9tenus par les Marocains \u00e0 l\u2019\u00e9tranger. Le d\u00e9tail par type d\u2019actif n\u2019est pas encore disponible. En 2014, la m\u00eame op\u00e9ration, avait atteint des r\u00e9sultats impressionnants\u00a0: pr\u00e8s de 19.000 d\u00e9clarations avec une valeur globale de 28 MMDH, dont 8,5 MMDH de cash rapatri\u00e9s au Maroc. Ce qui avait permis \u00e0 l\u2019Etat d\u2019encaisser pas moins de 2,3 MMDH au titre de la contribution lib\u00e9ratoire. Cette premi\u00e8re op\u00e9ration, selon Hassan Boulakanadel, directeur de l\u2019Office de Change, \u00ab\u00a0a permis de r\u00e9gulariser 70 ans de pratiques ill\u00e9gales. Celle d\u2019aujourd\u2019hui porte sur les six derni\u00e8res ann\u00e9es\u00a0\u00bb.<\/p>\n<p><strong>Lire aussi| <a href=\"https:\/\/www.challenge.ma\/?p=169932&amp;preview=true&amp;_thumbnail_id=169935\">L\u2019am\u00e9ricain DFC va investir 5 milliards de dollars au Maroc et dans la r\u00e9gion<\/a><\/strong><\/p>\n<p>Pourtant, cette deuxi\u00e8me op\u00e9ration aurait d\u00fb \u00eatre plus dissuasive, car l\u2019amnistie a \u00e9t\u00e9 pr\u00e9vue en 2020 dans l\u2019objectif de donner aux r\u00e9sidents marocains d\u00e9tenant \u00e0 l\u2019\u00e9tranger des avoirs, des biens ou des actifs financiers non d\u00e9clar\u00e9s, l\u2019ultime opportunit\u00e9 de r\u00e9gulariser leur situation fiscale avant\u00a0<a href=\"https:\/\/www.medias24.com\/avoirs-a-l-etranger-voici-les-pays-qui-pourraient-renseigner-le-maroc-des-2021-5125.html\">l\u2019entr\u00e9e en vigueur de la convention de l\u2019OCDE en mati\u00e8re d\u2019\u00e9change automatique d\u2019information.<\/a> C\u2019est donc une \u00ab\u00a0op\u00e9ration de la derni\u00e8re chance\u00a0\u00bb, a d\u00e9clar\u00e9 Hassan Boulakanadel. En effet, \u00e0 partir de 2021, l\u2019\u00e9change international des donn\u00e9es sera op\u00e9rationnel. Et il ne reste plus que 7 jours pour celles et ceux qui sont en situation irr\u00e9guli\u00e8re. Cette amnistie, pr\u00e9vue initialement dans la LF-2020, et reconduite par la LFR, avec prorogation des d\u00e9lais, concerne les avoirs et liquidit\u00e9s d\u00e9tenus par les Marocains r\u00e9sidents (personnes physiques ou morales), et constitu\u00e9s avant le 30 septembre 2019.<\/p>\n<p><strong>Lire aussi| <a href=\"https:\/\/www.challenge.ma\/le-rdv-des-bonnes-affaires-offres-et-promos-en-tout-genre-chez-renault-169916\/\">Le RDV des bonnes affaires : offres et promos en tous genres chez Renault<\/a><\/strong><\/p>\n<p>Le taux de la contribution lib\u00e9ratoire est fix\u00e9 \u00e0 : 10% de la valeur d\u2019acquisition des biens immeubles d\u00e9tenus \u00e0 l\u2019\u00e9tranger\u00a0; de la valeur de souscription ou d\u2019acquisition des actifs financiers et des valeurs mobili\u00e8res et autres titres de capital ou de cr\u00e9ances d\u00e9tenus \u00e0 l\u2019\u00e9tranger\u00a0; 5% du montant des avoirs liquides en devises rapatri\u00e9s au Maroc et d\u00e9pos\u00e9s dans des comptes en devises ou en dirhams convertibles ; 2% des liquidit\u00e9s en devises rapatri\u00e9es au Maroc et c\u00e9d\u00e9es sur le march\u00e9 des changes contre la monnaie nationale. L\u2019anonymat le plus total est garanti pour les d\u00e9clarants qui sont lib\u00e9r\u00e9s de tout paiement d\u2019amendes ou de p\u00e9nalit\u00e9s, exempt\u00e9es de tout imp\u00f4t aff\u00e9rent \u00e0 ces biens ou avoirs et de toute poursuite administrative ou judiciaire.<\/p>\n<p>Auteur: Mohamed Amine<br \/>\n<a href=\"https:\/\/www.challenge.ma\/avoirs-et-liquides-detenus-a-letranger-plus-que-7-jours-pour-beneficier-de-lamnistie-fiscale-169939\/\">Cliquez ici pour lire l&rsquo;article depuis sa source.<\/a><\/p>\n","protected":false},"excerpt":{"rendered":"<p>Alors que l\u2019Office des changes tablait sur un chiffre de 4 \u00e0 5 milliards de DH de biens et d\u2019avoirs liquides d\u00e9clar\u00e9s avant la fin de l\u2019ann\u00e9e, le montant n\u2019a gu\u00e8re d\u00e9pass\u00e9 2,3 milliards de DH, au 23 d\u00e9cembre. Au 23 septembre, moins de 160 d\u00e9clarations ont\u00a0\u00e9t\u00e9 faites. Rien \u00e0 voir avec les milliers de [&hellip;]<\/p>\n","protected":false},"author":1787,"featured_media":0,"comment_status":"closed","ping_status":"closed","sticky":false,"template":"","format":"standard","meta":{"fifu_image_url":"","fifu_image_alt":"","footnotes":""},"categories":[78,54],"tags":[],"class_list":["post-107878","post","type-post","status-publish","format-standard","hentry","category-economie","category-maroc"],"_links":{"self":[{"href":"https:\/\/linitiative.ca\/International\/wp-json\/wp\/v2\/posts\/107878","targetHints":{"allow":["GET"]}}],"collection":[{"href":"https:\/\/linitiative.ca\/International\/wp-json\/wp\/v2\/posts"}],"about":[{"href":"https:\/\/linitiative.ca\/International\/wp-json\/wp\/v2\/types\/post"}],"author":[{"embeddable":true,"href":"https:\/\/linitiative.ca\/International\/wp-json\/wp\/v2\/users\/1787"}],"replies":[{"embeddable":true,"href":"https:\/\/linitiative.ca\/International\/wp-json\/wp\/v2\/comments?post=107878"}],"version-history":[{"count":0,"href":"https:\/\/linitiative.ca\/International\/wp-json\/wp\/v2\/posts\/107878\/revisions"}],"wp:attachment":[{"href":"https:\/\/linitiative.ca\/International\/wp-json\/wp\/v2\/media?parent=107878"}],"wp:term":[{"taxonomy":"category","embeddable":true,"href":"https:\/\/linitiative.ca\/International\/wp-json\/wp\/v2\/categories?post=107878"},{"taxonomy":"post_tag","embeddable":true,"href":"https:\/\/linitiative.ca\/International\/wp-json\/wp\/v2\/tags?post=107878"}],"curies":[{"name":"wp","href":"https:\/\/api.w.org\/{rel}","templated":true}]}}