{"id":107884,"date":"2020-12-23T14:51:49","date_gmt":"2020-12-23T19:51:49","guid":{"rendered":"https:\/\/linitiative.ca\/International\/intensification-des-combats-en-rca\/"},"modified":"2020-12-23T14:51:49","modified_gmt":"2020-12-23T19:51:49","slug":"intensification-des-combats-en-rca","status":"publish","type":"post","link":"https:\/\/linitiative.ca\/International\/intensification-des-combats-en-rca\/","title":{"rendered":"INTENSIFICATION DES COMBATS EN RCA  \u00a0"},"content":{"rendered":"<p class=\"c3\"><em>Face au climat s\u00e9curitaire qui se d\u00e9t\u00e9riore de jour en jour en R\u00e9publique centrafricaine (RCA) \u00e0 l\u2019or\u00e9e des consultations \u00e9lectorales du 27 d\u00e9cembre prochain, celles-ci se tiendront-elles \u00e0 bonne date\u00a0? Quid de leur opportunit\u00e9 dans ce climat explosif ? En tout cas, avec l\u2019intensification des combats, il faut craindre que la kyrielle de groupes arm\u00e9s qui \u00e9cume le pays et qui semble bien d\u00e9cid\u00e9e \u00e0 emp\u00eacher par tous les moyens, la tenue de ces \u00e9lections, ne finisse par mettre un frein au processus \u00e9lectoral.\u00a0 D\u2019autant qu\u2019il est peu probable que les Centrafricains se bousculent devant les bureaux de vote, le jour J, si leur int\u00e9grit\u00e9 physique est menac\u00e9e. \u00a0Du reste, une large partie du territoire centrafricain est sous coupe r\u00e9gl\u00e9e de ces bandes arm\u00e9es. Autant dire que le d\u00e9ploiement de la logistique pour l\u2019acheminement du mat\u00e9riel \u00e9lectoral, s\u2019annonce comme une gageure. Mais \u00e0 supposer m\u00eame que ce double scrutin l\u00e9gislatif et pr\u00e9sidentiel ait lieu, malgr\u00e9 tout, le risque est grand qu\u2019il d\u00e9bouche sur une \u00a0crise de l\u00e9gitimit\u00e9 pour les nouveaux \u00e9lus issus des urnes, si ces derniers sont choisis par une faible proportion de leurs concitoyens.\u00a0<\/em> <em>Alors, l\u2019on a envie de s\u2019interroger\u00a0: des \u00e9lections pour quoi faire quand toutes les conditions ne sont manifestement pas r\u00e9unies? \u00a0Le pouvoir de Bangui voit les choses autrement puisqu\u2019il maintient mordicus que ce double scrutin aura bel et bien lieu, et \u00e0 la date pr\u00e9vue. \u00a0Un pari fou, compte tenu du contexte\u00a0?\u00a0 Ou ce pouvoir se r\u00e9soudra-t-il finalement \u00e0 aller vers un consensus politique dans l\u2019espoir d\u2019amener ceux qui le combattent, autour d\u2019une table de n\u00e9gociations\u00a0? En tout cas, le temps presse et les autorit\u00e9s centrafricaines n\u2019ont pas int\u00e9r\u00eat \u00e0 prendre des risques inconsid\u00e9r\u00e9s sous peine de se compliquer davantage la t\u00e2che. Mais au-del\u00e0 de l\u2019impasse \u00e0 laquelle est confront\u00e9 le pouvoir de Bangui, plus d\u00e9plorable est le triste spectacle de pays sans cesse aux prises avec les d\u00e9mons de l\u2019instabilit\u00e9, que continue de renvoyer la RCA au reste du monde.<\/em><\/p>\n<p class=\"c3\"><em>\u00a0<\/em><\/p>\n<p class=\"c4\"><strong><em>Si un report des \u00e9lections peut cr\u00e9er une relative accalmie voire une paix durable, pourquoi ne pas envisager une nouvelle date\u00a0?<\/em><\/strong><\/p>\n<p class=\"c3\"><em>\u00a0<\/em><\/p>\n<p class=\"c3\"><em>Une situation imputable avant tout \u00e0 une classe politique qui, de tout temps, a toujours donn\u00e9 l\u2019am\u00e8re impression de manquer de vision pour la RCA et de compassion pour le pauvre peuple pour lequel la paix demeure toujours une vue de l\u2019esprit.\u00a0 A vrai dire, bien des chefs d\u2019Etat qui se sont succ\u00e9d\u00e9 \u00e0 la t\u00eate du pays de Barth\u00e9l\u00e9my Boganda, n\u2019avaient rien \u00e0 cirer avec la d\u00e9mocratie. Ce qui semblait importer le plus, \u00e0 leurs yeux, c\u2019\u00e9tait leur p\u00e9rennisation au pouvoir, \u00a0quel que soit le prix. \u00a0\u00a0Ce go\u00fbt immod\u00e9r\u00e9 du pouvoir n\u2019est pas sans avoir g\u00e9n\u00e9r\u00e9, h\u00e9las, des milices et autres bandes arm\u00e9es dont les parrains se comptent parfois m\u00eame au sein de cette m\u00eame classe politique.\u00a0 C\u2019est le cas de l\u2019ex-dirigeant Fran\u00e7ois Boziz\u00e9 soup\u00e7onn\u00e9 d\u2019\u00eatre l\u2019instigateur de cette nouvelle flamb\u00e9e de violences et qui semble d\u00e9termin\u00e9 \u00e0 reconqu\u00e9rir le pouvoir par la force, \u00e0 d\u00e9faut d\u2019avoir \u00e9t\u00e9 autoris\u00e9 par la Cour constitutionnelle de son pays, \u00e0 se relancer dans la course \u00e0 l\u2019\u00e9chalote. Avec le recul, le pouvoir centrafricain devrait, en ce moment, se mordre les doigts d\u2019avoir autoris\u00e9 le retour au bercail de cet ancien putschiste qui ne sait apparemment rien faire d\u2019autre que des coups de force. \u00a0Mais, force est de reconnaitre que la RCA doit son instabilit\u00e9 \u00e9galement \u00e0 l\u2019attrait qu\u2019elle suscite pour certaines puissances internationales (la Russie) et autres Etas africains \u00a0comme le Rwanda qui pr\u00e9tendent vouloir voler \u00e0 son secours.\u00a0\u00a0 La RCA, un pays riche de son sol et de son sous-sol, cela est connu. \u00a0\u00a0Toutes choses qui aiguisent bien des app\u00e9tits au plan domestique et au-del\u00e0.\u00a0 Comment, dans ces conditions, ce pays peut-il conna\u00eetre une paix durable ?\u00a0\u00a0<\/em> <em>Cela dit, un report du double scrutin est-il possible, \u00e0 cette \u00e9tape du processus \u00e9lectoral ?\u00a0 Selon certains experts, les textes en vigueur n\u2019imposeraient pas l\u2019obligation de tenir le scrutin le 27 d\u00e9cembre prochain.\u00a0 Ce qui laisserait au pouvoir, une petite marge de man\u0153uvre.\u00a0 Si un report des \u00e9lections peut cr\u00e9er une relative accalmie voire une paix durable, pourquoi ne pas envisager une nouvelle date\u00a0? Reste \u00e0 savoir si une telle option ne sera pas v\u00e9cue par les adversaires du pouvoir qui ont repris les armes, comme une victoire d\u2019\u00e9tape.\u00a0 C\u2019est pourquoi, la responsabilit\u00e9 de la communaut\u00e9 internationale est \u00e9galement engag\u00e9e.\u00a0 Tous les fauteurs de troubles doivent \u00eatre identifi\u00e9s comme tels et mis hors d\u2019\u00e9tat de nuire.\u00a0 Il y va de la stabilit\u00e9 de la RCA. \u00a0<\/em><\/p>\n<p class=\"c3\"><em>\u00a0<\/em><\/p>\n<p class=\"c4\"><strong><em>\u00ab\u00a0Le Pays\u00a0\u00bb<\/em><\/strong><\/p>\n<p>Auteur: Le Pays<br \/>\n<a href=\"https:\/\/lepays.bf\/intensification-des-combats-en-rca\/\">Cliquez ici pour lire l&rsquo;article depuis sa source.<\/a><\/p>\n","protected":false},"excerpt":{"rendered":"<p>Face au climat s\u00e9curitaire qui se d\u00e9t\u00e9riore de jour en jour en R\u00e9publique centrafricaine (RCA) \u00e0 l\u2019or\u00e9e des consultations \u00e9lectorales du 27 d\u00e9cembre prochain, celles-ci se tiendront-elles \u00e0 bonne date\u00a0? Quid de leur opportunit\u00e9 dans ce climat explosif ? En tout cas, avec l\u2019intensification des combats, il faut craindre que la kyrielle de groupes arm\u00e9s [&hellip;]<\/p>\n","protected":false},"author":1813,"featured_media":0,"comment_status":"closed","ping_status":"closed","sticky":false,"template":"","format":"standard","meta":{"fifu_image_url":"","fifu_image_alt":"","footnotes":""},"categories":[73,81],"tags":[],"class_list":["post-107884","post","type-post","status-publish","format-standard","hentry","category-actualite","category-burkina-faso"],"_links":{"self":[{"href":"https:\/\/linitiative.ca\/International\/wp-json\/wp\/v2\/posts\/107884","targetHints":{"allow":["GET"]}}],"collection":[{"href":"https:\/\/linitiative.ca\/International\/wp-json\/wp\/v2\/posts"}],"about":[{"href":"https:\/\/linitiative.ca\/International\/wp-json\/wp\/v2\/types\/post"}],"author":[{"embeddable":true,"href":"https:\/\/linitiative.ca\/International\/wp-json\/wp\/v2\/users\/1813"}],"replies":[{"embeddable":true,"href":"https:\/\/linitiative.ca\/International\/wp-json\/wp\/v2\/comments?post=107884"}],"version-history":[{"count":0,"href":"https:\/\/linitiative.ca\/International\/wp-json\/wp\/v2\/posts\/107884\/revisions"}],"wp:attachment":[{"href":"https:\/\/linitiative.ca\/International\/wp-json\/wp\/v2\/media?parent=107884"}],"wp:term":[{"taxonomy":"category","embeddable":true,"href":"https:\/\/linitiative.ca\/International\/wp-json\/wp\/v2\/categories?post=107884"},{"taxonomy":"post_tag","embeddable":true,"href":"https:\/\/linitiative.ca\/International\/wp-json\/wp\/v2\/tags?post=107884"}],"curies":[{"name":"wp","href":"https:\/\/api.w.org\/{rel}","templated":true}]}}