{"id":107887,"date":"2020-12-23T14:53:40","date_gmt":"2020-12-23T19:53:40","guid":{"rendered":"https:\/\/linitiative.ca\/International\/feter-avec-le-coronavirus\/"},"modified":"2020-12-23T14:53:40","modified_gmt":"2020-12-23T19:53:40","slug":"feter-avec-le-coronavirus","status":"publish","type":"post","link":"https:\/\/linitiative.ca\/International\/feter-avec-le-coronavirus\/","title":{"rendered":"F\u00eater avec  le coronavirus !"},"content":{"rendered":"<div class=\"td-post-featured-image\"><a href=\"https:\/\/www.sidwaya.info\/wp-content\/uploads\/2020\/12\/regard24.jpg\" data-caption=\"\"><img loading=\"lazy\" decoding=\"async\" width=\"386\" height=\"186\" class=\"entry-thumb td-modal-image\" src=\"https:\/\/www.sidwaya.info\/wp-content\/uploads\/2020\/12\/regard24.jpg\" srcset=\"https:\/\/www.sidwaya.info\/wp-content\/uploads\/2020\/12\/regard24.jpg 386w, https:\/\/www.sidwaya.info\/wp-content\/uploads\/2020\/12\/regard24-300x145.jpg 300w, https:\/\/www.sidwaya.info\/wp-content\/uploads\/2020\/12\/regard24-150x72.jpg 150w\" sizes=\"auto, (max-width: 386px) 100vw, 386px\" alt=\"\" title=\"regard24\"\/><\/a><\/div>\n<p>Les f\u00eates de fin d\u2019ann\u00e9e sont l\u00e0 ! D\u2019abord, le No\u00ebl et ensuite le r\u00e9veillon du 31 d\u00e9cembre et la f\u00eate de l\u2019an, le 1er janvier. Sous nos cieux comme un peu partout d\u2019ailleurs, ces f\u00eates riment avec ripailles, partage, visites, actions de solidarit\u00e9 et surtout promiscuit\u00e9 due aux \u00abtraditionnelles \u00bb accolades que l\u2019on se donne pour se souhaiter les meilleurs v\u0153ux. Pourtant, ces derni\u00e8res semaines au Burkina Faso, les cas test\u00e9s positifs de la maladie \u00e0 coronavirus ont atteint une moyenne d\u2019au moins 100 par jour, avec un grand nombre de contaminations communautaires et huit d\u00e9c\u00e8s \u00e0 la cl\u00e9. Le froid, la campagne \u00e9lectorale ou toute autre raison pourrait expliquer ce rebond dangereux de la pand\u00e9mie dans notre pays, mais le mal \u00e9tant d\u00e9j\u00e0 fait, il revient \u00e0 chaque Burkinab\u00e8 de ne pas pr\u00eater le flanc. A situation exceptionnelle, mesures exceptionnelles, a-t-on coutume de dire. Dans ce contexte pr\u00e9cis de mont\u00e9e en puissance de la COVID-19 en p\u00e9riode de f\u00eates de fin d\u2019ann\u00e9e, il serait raisonnable, non seulement de porter en permanence le cache-nez, mais aussi et surtout de respecter les autres mesures-barri\u00e8res, notamment en limitant les rassemblements et les d\u00e9placements, dont on a coutume \u00e0 ces occasions. Eviter au maximum les visites dans les familles n\u2019enl\u00e8ve en rien \u00e0 une f\u00eate sa saveur, si tant est que la situation l\u2019impose. En effet, en plus de pr\u00e9server votre vie, cela contribue \u00e0 ne pas servir de vecteur pour transmettre la maladie \u00e0 autrui, puisqu\u2019on peut \u00eatre un \u00ab porteur sain \u00bb. Les mesures \u00e9dict\u00e9es par le gouvernement, notamment le port du masque n\u2019ont pas encore \u00e9t\u00e9 lev\u00e9es. Le gouvernement a-t-il besoin de \u00abtomber \u00bb dans la r\u00e9pression ou la sanction pour que le r\u00e9flexe nous revienne ? A-t-on besoin de s\u00e9vir, pour nous demander de pr\u00e9server notre vie et celle des autres ? Pendant les mois de mars \u00e0 juin, la situation avait impos\u00e9 des mesures drastiques aux cons\u00e9quences incalculables sur tous les plans et le Burkinab\u00e8 n\u2019est pas pr\u00eat de l\u2019oublier de sit\u00f4t. Il faut donc \u00e9viter que l\u2019on en arrive encore \u00e0 l\u00e0. Dans plusieurs parties du monde o\u00f9 la m\u00e9decine est bien plus d\u00e9velopp\u00e9e et le vaccin, d\u00e9j\u00e0, disponible, l\u2019\u00e9volution de la situation a impos\u00e9 des mesures draconiennes comme la fermeture des fronti\u00e8res, des lieux de culte, des restaurants et autres commerces, des reconfinements et des mises en quarantaine. Les Burkinab\u00e8, qui se remettent difficilement de l\u2019impact des premi\u00e8res mesures de \u00abconfinement \u00bb, n\u2019ont plus int\u00e9r\u00eat \u00e0 se retrouver dans une telle \u00ab asphyxie \u00bb. Cela n\u00e9cessite donc de tous et de chacun, un engagement et une mobilisation citoyenne contre la maladie. On peut bien f\u00eater en restant chez soi. Le t\u00e9l\u00e9phone portable et la connexion internet peuvent compenser les d\u00e9placements pour se souhaiter les meilleurs v\u0153ux. On doit donc f\u00eater, avec le virus !<\/p>\n<p>Jean-Marie TOE<\/p>\n<div class=\"td-a-rec td-a-rec-id-content_bottom tdi_33_c43 td_block_template_1\"><img loading=\"lazy\" decoding=\"async\" class=\"aligncenter size-full wp-image-27454\" src=\"https:\/\/www.sidwaya.info\/wp-content\/uploads\/2020\/10\/PUB-Bandeau-paiement-mobile-siteweb.jpg\" alt=\"\" width=\"728\" height=\"90\"\/><\/div>\n<p>Auteur: BM. Sidwaya<br \/>\n<a href=\"https:\/\/www.sidwaya.info\/blog\/2020\/12\/23\/feter-avec-le-coronavirus\/\">Cliquez ici pour lire l&rsquo;article depuis sa source.<\/a><\/p>\n","protected":false},"excerpt":{"rendered":"<p>Les f\u00eates de fin d\u2019ann\u00e9e sont l\u00e0 ! D\u2019abord, le No\u00ebl et ensuite le r\u00e9veillon du 31 d\u00e9cembre et la f\u00eate de l\u2019an, le 1er janvier. Sous nos cieux comme un peu partout d\u2019ailleurs, ces f\u00eates riment avec ripailles, partage, visites, actions de solidarit\u00e9 et surtout promiscuit\u00e9 due aux \u00abtraditionnelles \u00bb accolades que l\u2019on se [&hellip;]<\/p>\n","protected":false},"author":1816,"featured_media":0,"comment_status":"closed","ping_status":"closed","sticky":false,"template":"","format":"standard","meta":{"fifu_image_url":"https:\/\/www.sidwaya.info\/wp-content\/uploads\/2020\/12\/regard24.jpg","fifu_image_alt":"F\u00eater avec  le coronavirus !","footnotes":""},"categories":[73,81],"tags":[],"class_list":["post-107887","post","type-post","status-publish","format-standard","hentry","category-actualite","category-burkina-faso"],"_links":{"self":[{"href":"https:\/\/linitiative.ca\/International\/wp-json\/wp\/v2\/posts\/107887","targetHints":{"allow":["GET"]}}],"collection":[{"href":"https:\/\/linitiative.ca\/International\/wp-json\/wp\/v2\/posts"}],"about":[{"href":"https:\/\/linitiative.ca\/International\/wp-json\/wp\/v2\/types\/post"}],"author":[{"embeddable":true,"href":"https:\/\/linitiative.ca\/International\/wp-json\/wp\/v2\/users\/1816"}],"replies":[{"embeddable":true,"href":"https:\/\/linitiative.ca\/International\/wp-json\/wp\/v2\/comments?post=107887"}],"version-history":[{"count":0,"href":"https:\/\/linitiative.ca\/International\/wp-json\/wp\/v2\/posts\/107887\/revisions"}],"wp:attachment":[{"href":"https:\/\/linitiative.ca\/International\/wp-json\/wp\/v2\/media?parent=107887"}],"wp:term":[{"taxonomy":"category","embeddable":true,"href":"https:\/\/linitiative.ca\/International\/wp-json\/wp\/v2\/categories?post=107887"},{"taxonomy":"post_tag","embeddable":true,"href":"https:\/\/linitiative.ca\/International\/wp-json\/wp\/v2\/tags?post=107887"}],"curies":[{"name":"wp","href":"https:\/\/api.w.org\/{rel}","templated":true}]}}