{"id":107892,"date":"2020-12-23T11:23:19","date_gmt":"2020-12-23T16:23:19","guid":{"rendered":"https:\/\/linitiative.ca\/International\/cameroun-des-militaires-en-renfort-a-la-frontiere-avec-la-republique-centrafricaine\/"},"modified":"2020-12-23T11:23:19","modified_gmt":"2020-12-23T16:23:19","slug":"cameroun-des-militaires-en-renfort-a-la-frontiere-avec-la-republique-centrafricaine","status":"publish","type":"post","link":"https:\/\/linitiative.ca\/International\/cameroun-des-militaires-en-renfort-a-la-frontiere-avec-la-republique-centrafricaine\/","title":{"rendered":"Cameroun : des militaires en renfort \u00e0 la fronti\u00e8re avec la R\u00e9publique centrafricaine"},"content":{"rendered":"<div readability=\"32\">\n<p>Publi\u00e9 le 23.12.2020 \u00e0 17h23 par Emile Zola Nd\u00e9 Tchoussi<\/p>\n<\/div>\n<div readability=\"80\">\n<h2 class=\"c6\"><strong>Depuis la d\u00e9gradation sociopolitique et s\u00e9curitaire en RCA, ces derniers jours, les autorit\u00e9s camerounaises sont en veille permanente.\u00a0<\/strong><strong>Plusieurs localit\u00e9s de l\u2019ouest de ce pays ont \u00e9t\u00e9 attaqu\u00e9es par des membres de divers groupes arm\u00e9s, selon l\u2019ONU.<\/strong><\/h2>\n<p class=\"c7\">A deux jours de l\u2019\u00e9lection pr\u00e9sidentielle\u00a0et des l\u00e9gislatives,\u00a0la situation s\u00e9curitaire s\u2019est fortement d\u00e9grad\u00e9e en Centrafrique. Les d\u00e9g\u00e2ts collat\u00e9raux ont un impact au Cameroun. Dans la ville de Garoua Boulai, l\u2019Agence des Nations unies pour les r\u00e9fugi\u00e9s, <strong>HCR<\/strong> et la Croix rouge, ont aussi d\u00e9ploy\u00e9 plus de personnel et de ressources pour accueillir les populations qui fuient la r\u00e9surgence des affrontements entre groupes arm\u00e9s et forces r\u00e9guli\u00e8res en Centrafrique depuis vendredi dernier. Hier, 22 d\u00e9cembre 2020, \u00a0les rebelles ont lanc\u00e9 une attaque sur la route nationale N<sup>0<\/sup>1 qui relie la capitale Bangui au Cameroun.<\/p>\n<p class=\"c7\">\u00ab <em>Un camion de marchandises, escort\u00e9 par la <strong>MINUSCA<\/strong> venant du Cameroun, a \u00e9t\u00e9 contraint de rebrousser chemin<\/em> \u00bb a constat\u00e9 un reporter de Rfi. Ce mercredi matin, une rumeur, annon\u00e7ant l\u2019entr\u00e9e des rebelles \u00e0 Bangui a caus\u00e9 une panique g\u00e9n\u00e9rale.<strong>\u00a0<\/strong>\u00ab <em>L\u2019ambassade des \u00c9tats-Unis \u00e0 Bangui a re\u00e7u des informations faisant \u00e9tat de violences et de panique g\u00e9n\u00e9rale \u00e0 Bangui, en particulier dans le quartier PK12, ainsi que d\u2019une instabilit\u00e9 persistante dans les provinces. L\u2019ambassade des \u00c9tats-Unis a \u00e9mis un avis de mise \u00e0 l\u2019abri imm\u00e9diat pour tous les employ\u00e9s\u00a0\u00bb<\/em>.<\/p>\n<p class=\"c7\">Depuis la d\u00e9gradation sociopolitique et s\u00e9curitaire en RCA, ces derniers jours, les autorit\u00e9s camerounaises sont en veille permanente. C\u2019est dans ce contexte que le gouverneur de la r\u00e9gion de l\u2019Est, <strong>Gr\u00e9goire Mvongo<\/strong> a pr\u00e9sid\u00e9 dimanche dernier, dans la ville de Garoua Boulai, frontali\u00e8re avec la RCA, une r\u00e9union de s\u00e9curit\u00e9.<\/p>\n<p class=\"c7\">Il \u00e9tait notamment accompagn\u00e9 pour la circonstance des responsables de la s\u00e9curit\u00e9, dont le g\u00e9n\u00e9ral de brigade <strong>Joseph Nouma<\/strong>, commandant de la 12<sup>\u00e8me<\/sup>\u00a0d\u2019infanterie motoris\u00e9e. Pour les autorit\u00e9s camerounaise, il y a une urgence, au regard de la situation s\u00e9curitaire qui ce ne cesse de se d\u00e9grader en RCA.<\/p>\n<p class=\"c7\">Surtout qu\u2019il y a quelques jours, les autorit\u00e9s de la R\u00e9publique centrafricaine ont inform\u00e9 celles du\u00a0 Cameroun qu\u2019un groupe arm\u00e9 d\u00e9nomm\u00e9 Mouvement de Lib\u00e9ration du Cameroun (<strong>MLC<\/strong>), bas\u00e9 \u00e0 la fronti\u00e8re projette renverser le r\u00e9gime de <strong>Paul Biya<\/strong>. Si bien que dans une correspondance du ministre des Relations ext\u00e9rieures (Minrex) envoy\u00e9e le 3 d\u00e9cembre dernier au patron de la Direction g\u00e9n\u00e9rale de la recherche ext\u00e9rieure (DGRE),\u00a0 de mener des enqu\u00eates sur ce groupe dont l\u2019objectif serait de \u00ab\u00a0<em>commettre des exactions sur les populations camerounaises et de combattre le r\u00e9gime de Yaound\u00e9<\/em>\u00a0\u00bb.<\/p>\n<\/div>\n<p>Auteur: Christian DJIMADEU<br \/>\n<a href=\"https:\/\/www.journalducameroun.com\/cameroun-des-militaires-en-renfort-a-la-frontiere-avec-la-republique-centrafricaine\/\">Cliquez ici pour lire l&rsquo;article depuis sa source.<\/a><\/p>\n","protected":false},"excerpt":{"rendered":"<p>Publi\u00e9 le 23.12.2020 \u00e0 17h23 par Emile Zola Nd\u00e9 Tchoussi Depuis la d\u00e9gradation sociopolitique et s\u00e9curitaire en RCA, ces derniers jours, les autorit\u00e9s camerounaises sont en veille permanente.\u00a0Plusieurs localit\u00e9s de l\u2019ouest de ce pays ont \u00e9t\u00e9 attaqu\u00e9es par des membres de divers groupes arm\u00e9s, selon l\u2019ONU. A deux jours de l\u2019\u00e9lection pr\u00e9sidentielle\u00a0et des l\u00e9gislatives,\u00a0la situation [&hellip;]<\/p>\n","protected":false},"author":1965,"featured_media":0,"comment_status":"closed","ping_status":"closed","sticky":false,"template":"","format":"standard","meta":{"fifu_image_url":"","fifu_image_alt":"","footnotes":""},"categories":[73,82],"tags":[],"class_list":["post-107892","post","type-post","status-publish","format-standard","hentry","category-actualite","category-cameroun"],"_links":{"self":[{"href":"https:\/\/linitiative.ca\/International\/wp-json\/wp\/v2\/posts\/107892","targetHints":{"allow":["GET"]}}],"collection":[{"href":"https:\/\/linitiative.ca\/International\/wp-json\/wp\/v2\/posts"}],"about":[{"href":"https:\/\/linitiative.ca\/International\/wp-json\/wp\/v2\/types\/post"}],"author":[{"embeddable":true,"href":"https:\/\/linitiative.ca\/International\/wp-json\/wp\/v2\/users\/1965"}],"replies":[{"embeddable":true,"href":"https:\/\/linitiative.ca\/International\/wp-json\/wp\/v2\/comments?post=107892"}],"version-history":[{"count":0,"href":"https:\/\/linitiative.ca\/International\/wp-json\/wp\/v2\/posts\/107892\/revisions"}],"wp:attachment":[{"href":"https:\/\/linitiative.ca\/International\/wp-json\/wp\/v2\/media?parent=107892"}],"wp:term":[{"taxonomy":"category","embeddable":true,"href":"https:\/\/linitiative.ca\/International\/wp-json\/wp\/v2\/categories?post=107892"},{"taxonomy":"post_tag","embeddable":true,"href":"https:\/\/linitiative.ca\/International\/wp-json\/wp\/v2\/tags?post=107892"}],"curies":[{"name":"wp","href":"https:\/\/api.w.org\/{rel}","templated":true}]}}