{"id":107894,"date":"2020-12-23T17:18:02","date_gmt":"2020-12-23T22:18:02","guid":{"rendered":"https:\/\/linitiative.ca\/International\/prochaine-reunion-de-la-21eme-session-du-comite-al-qods\/"},"modified":"2020-12-23T17:18:02","modified_gmt":"2020-12-23T22:18:02","slug":"prochaine-reunion-de-la-21eme-session-du-comite-al-qods","status":"publish","type":"post","link":"https:\/\/linitiative.ca\/International\/prochaine-reunion-de-la-21eme-session-du-comite-al-qods\/","title":{"rendered":"Prochaine r\u00e9union de la 21\u00e8me session du Comit\u00e9 Al-Qods"},"content":{"rendered":"<div readability=\"32\">\n<p>Publi\u00e9 le 23.12.2020 \u00e0 23h18 par APA News<\/p>\n<\/div>\n<div readability=\"85\">\n<p>Le Roi Mohammed VI a adress\u00e9 un message au pr\u00e9sident palestinien, Mahmoud Abbas dans lequel il a exprim\u00e9 sa satisfaction du contenu de l\u2019entretien t\u00e9l\u00e9phonique important qu\u2019il avait eu jeudi 10 d\u00e9cembre, empreint d\u2019un dialogue fructueux et d\u2019interaction r\u00e9ciproque sur la position constante du Maroc au sujet de la question palestinienne, et son engagement permanent et continu pour la d\u00e9fense des droits l\u00e9gitimes du peuple palestinien.Dans ce message, le Roi a r\u00e9it\u00e9r\u00e9 la position \u00ab constante \u00bb du Maroc en faveur de la question palestinienne, fond\u00e9e sur la solution \u00e0 deux \u00c9tats, comme convenu internationalement, ainsi que l\u2019attachement aux n\u00e9gociations entre les parties palestinienne et isra\u00e9lienne comme seul moyen de parvenir \u00e0 un r\u00e8glement d\u00e9finitif, durable et global \u00e0 ce conflit.<\/p>\n<p>En sa qualit\u00e9 de Pr\u00e9sident du Comit\u00e9 Al-Qods, \u00e9manant de l\u2019Organisation de la coop\u00e9ration islamique, le Souverain a r\u00e9affirm\u00e9 qu\u2019il ne m\u00e9nagera aucun effort pour la pr\u00e9servation de l\u2019identit\u00e9 historique et ancestrale de la ville sainte, en tant que terre de cohabitation entre les religions monoth\u00e9istes.<\/p>\n<p>Le Souverain a \u00e9galement affirm\u00e9 qu\u2019il continuera \u00e0 d\u00e9fendre le statut sp\u00e9cial de la ville d\u2019Al Qods Acharif et le respect de la libert\u00e9 des rites religieux pour les adeptes des trois religions monoth\u00e9istes, ainsi que le cachet musulman de la ville sainte et de la Mosqu\u00e9e Al-Aqsa.<\/p>\n<p>le Roi a \u00e9galement affirm\u00e9 que le Maroc place toujours la cause palestinienne au m\u00eame rang que la question du Sahara marocain et que l\u2019action du Maroc en vue de consacrer sa marocanit\u00e9 ne se fera jamais, ni aujourd\u2019hui ni dans l\u2019avenir, au d\u00e9triment de la lutte du peuple palestinien pour recouvrer ses droits l\u00e9gitimes. Le Souverain a relev\u00e9 dans ce contexte que le Maroc poursuivra son engagement constructif en faveur de l\u2019instauration d\u2019une paix juste et durable dans la r\u00e9gion du Moyen-Orient.<\/p>\n<p>Partant de ce constat, et en harmonie avec ce qui a \u00e9t\u00e9 convenu entre les deux Leaders, le Souverain a inform\u00e9 le Pr\u00e9sident Abbas qu\u2019il convoquera prochainement la r\u00e9union de la 21\u00e8me Session du Comit\u00e9 Al-Qods, au Maroc, en vue d\u2019examiner les moyens de consolider la pr\u00e9servation du Statut sp\u00e9cial de la ville d\u2019Al-Qods Acharif, et de contribuer \u00e0 la sauvegarde de l\u2019inviolabilit\u00e9 de ses sites historiques et civilisationnels, sa symbolique spirituelle et son identit\u00e9 religieuse.<\/p>\n<p>Dans le m\u00eame contexte, il sera proc\u00e9d\u00e9 prochainement \u00e0 l\u2019actualisation des structures de l\u2019Agence Bayt Mal Al-Qods Acharif afin de lui donner un nouveau souffle et lui permettre de poursuivre, sous la supervision personnelle du Roi, la r\u00e9alisation de plans et de programmes concrets, dans les domaines de la sant\u00e9, de l\u2019\u00e9ducation et de l\u2019habitat, ainsi que tout ce qui se rapporte au volet social au profit des habitants Palestiniens d\u2019Al-Qods.<\/p>\n<\/div>\n<p>Auteur: APA News<br \/>\n<a href=\"https:\/\/www.journalducameroun.com\/prochaine-reunion-de-la-21eme-session-du-comite-al-qods\/\">Cliquez ici pour lire l&rsquo;article depuis sa source.<\/a><\/p>\n","protected":false},"excerpt":{"rendered":"<p>Publi\u00e9 le 23.12.2020 \u00e0 23h18 par APA News Le Roi Mohammed VI a adress\u00e9 un message au pr\u00e9sident palestinien, Mahmoud Abbas dans lequel il a exprim\u00e9 sa satisfaction du contenu de l\u2019entretien t\u00e9l\u00e9phonique important qu\u2019il avait eu jeudi 10 d\u00e9cembre, empreint d\u2019un dialogue fructueux et d\u2019interaction r\u00e9ciproque sur la position constante du Maroc au sujet [&hellip;]<\/p>\n","protected":false},"author":1965,"featured_media":0,"comment_status":"closed","ping_status":"closed","sticky":false,"template":"","format":"standard","meta":{"fifu_image_url":"","fifu_image_alt":"","footnotes":""},"categories":[73,82],"tags":[],"class_list":["post-107894","post","type-post","status-publish","format-standard","hentry","category-actualite","category-cameroun"],"_links":{"self":[{"href":"https:\/\/linitiative.ca\/International\/wp-json\/wp\/v2\/posts\/107894","targetHints":{"allow":["GET"]}}],"collection":[{"href":"https:\/\/linitiative.ca\/International\/wp-json\/wp\/v2\/posts"}],"about":[{"href":"https:\/\/linitiative.ca\/International\/wp-json\/wp\/v2\/types\/post"}],"author":[{"embeddable":true,"href":"https:\/\/linitiative.ca\/International\/wp-json\/wp\/v2\/users\/1965"}],"replies":[{"embeddable":true,"href":"https:\/\/linitiative.ca\/International\/wp-json\/wp\/v2\/comments?post=107894"}],"version-history":[{"count":0,"href":"https:\/\/linitiative.ca\/International\/wp-json\/wp\/v2\/posts\/107894\/revisions"}],"wp:attachment":[{"href":"https:\/\/linitiative.ca\/International\/wp-json\/wp\/v2\/media?parent=107894"}],"wp:term":[{"taxonomy":"category","embeddable":true,"href":"https:\/\/linitiative.ca\/International\/wp-json\/wp\/v2\/categories?post=107894"},{"taxonomy":"post_tag","embeddable":true,"href":"https:\/\/linitiative.ca\/International\/wp-json\/wp\/v2\/tags?post=107894"}],"curies":[{"name":"wp","href":"https:\/\/api.w.org\/{rel}","templated":true}]}}