{"id":107896,"date":"2020-12-23T08:58:58","date_gmt":"2020-12-23T13:58:58","guid":{"rendered":"https:\/\/linitiative.ca\/International\/lutte-contre-la-covid-19-la-beac-proroge-de-6-mois-son-programme-de-rachat-des-titres-publics\/"},"modified":"2020-12-23T08:58:58","modified_gmt":"2020-12-23T13:58:58","slug":"lutte-contre-la-covid-19-la-beac-proroge-de-6-mois-son-programme-de-rachat-des-titres-publics","status":"publish","type":"post","link":"https:\/\/linitiative.ca\/International\/lutte-contre-la-covid-19-la-beac-proroge-de-6-mois-son-programme-de-rachat-des-titres-publics\/","title":{"rendered":"Lutte contre la Covid-19 : la Beac proroge de 6 mois son programme de rachat des titres publics"},"content":{"rendered":"<div class=\"featured-area featured-area-inner\">\n<p><img loading=\"lazy\" decoding=\"async\" width=\"780\" height=\"470\" src=\"https:\/\/ecomatin.net\/wp-content\/uploads\/2020\/12\/Abbas-Mahamat-Tolli-1-780x470.jpg\" class=\"attachment-jannah-image-post size-jannah-image-post wp-post-image\" alt=\"\" is_main_img=\"1\"\/><\/p>\n<\/div>\n<div class=\"entry-content entry clearfix\" readability=\"55.2466367713\">\n<p>C\u2019est par visioconf\u00e9rence que s\u2019est r\u00e9uni en session ordinaire le 21 d\u00e9cembre dernier, le Comit\u00e9 de politique mon\u00e9taire de la Banque des Etats de l\u2019Afrique Centrale(Beac). Principal point \u00e0 l\u2019ordre du jour, l\u2019\u00e9valuation de la mise en \u0153uvre des mesures adopt\u00e9es depuis le mois de mars dernier pour limiter les effets de la crise sanitaire du coronavirus sur les \u00e9conomies de la Beac.<\/p>\n<p>A l\u2019issue de cette \u00e9valuation, la banque centrale a pris la d\u00e9cision de reconduire certaines mesures prises durant l\u2019ann\u00e9e 2012. Il s\u2019agit de l\u2019assouplissement des conditions d\u2019\u00e9ligibilit\u00e9 des garanties aux op\u00e9rations de refinancement de la Beac, r\u00e9am\u00e9nag\u00e9es lors de la session du 24 juin 2020. A ce titre, la Banque centrale avait d\u00e9cid\u00e9 d\u2019\u00e9largir la gamme des effets priv\u00e9s admis comme collat\u00e9ral des op\u00e9rations de politique mon\u00e9taire et de revoir \u00e0 la baisse des d\u00e9cotes applicables aux effets publics admis comme collat\u00e9ral. Celles-ci sont renouvel\u00e9es pour 6 mois \u00e0 compter du 1<sup>er<\/sup>\u00a0janvier 2021.<\/p>\n<p><strong>Lire aussi<\/strong> : <a href=\"https:\/\/ecomatin.net\/la-beac-injecte-600-milliards-de-f-pour-racheter-les-titres-publics-en-zone-cemac\/\">La Beac injecte 600 milliards de F pour racheter les titres publics en zone Cemac<\/a><\/p>\n<p>L\u2019institut d\u2019\u00e9mission commune aux 6 pays de la Cemac a \u00e9galement reconduit pour 6 mois, \u00e0 compter du 1<sup>er<\/sup>\u00a0mars 2021, son programme de rachat des titres publics sur le march\u00e9 secondaire de la Beac, adopt\u00e9 lors de sa session extraordinaire du 22 juillet 2020. A raison de 100 milliards de FCFA par \u00c9tat, ce programme a pour objectif d\u2019offrir un filet de s\u00e9curit\u00e9 aux Etat pour leur permettre d\u2019accro\u00eetre les ressources mobilis\u00e9es sur le march\u00e9 des valeurs du Tr\u00e9sor de la Cemac et favoriser par ce biais, un assouplissement de leurs conditions de financement. Dans ce cadre pr\u00e9cis, la Beac cible uniquement les \u00e9missions de titres survenus \u00e0 compter de la p\u00e9riode de la crise sanitaire de la Covid-19 pour permettre aux Etats de disposer de nouvelles ressources.<\/p>\n<p><strong>Lire aussi<\/strong> : <a href=\"https:\/\/ecomatin.net\/la-beac-pourrait-perdre-7-milliards-de-f-de-benefice-en-2020-a-cause-du-covid-19\/\">La Beac pourrait perdre 7 milliards de b\u00e9n\u00e9fice en 2020 \u00e0 cause du Covid-19<\/a><\/p>\n<\/div>\n<p>Auteur: Cedrick JIONGO<br \/>\n<a href=\"https:\/\/ecomatin.net\/lutte-contre-la-covid-19-la-beac-proroge-de-6-mois-son-programme-de-rachat-des-titres-publics\/\">Cliquez ici pour lire l&rsquo;article depuis sa source.<\/a><\/p>\n","protected":false},"excerpt":{"rendered":"<p>C\u2019est par visioconf\u00e9rence que s\u2019est r\u00e9uni en session ordinaire le 21 d\u00e9cembre dernier, le Comit\u00e9 de politique mon\u00e9taire de la Banque des Etats de l\u2019Afrique Centrale(Beac). Principal point \u00e0 l\u2019ordre du jour, l\u2019\u00e9valuation de la mise en \u0153uvre des mesures adopt\u00e9es depuis le mois de mars dernier pour limiter les effets de la crise sanitaire [&hellip;]<\/p>\n","protected":false},"author":1969,"featured_media":0,"comment_status":"closed","ping_status":"closed","sticky":false,"template":"","format":"standard","meta":{"fifu_image_url":"https:\/\/ecomatin.net\/wp-content\/uploads\/2020\/12\/Abbas-Mahamat-Tolli-1-780x470.jpg","fifu_image_alt":"Lutte contre la Covid-19 : la Beac proroge de 6 mois son programme de rachat des titres publics","footnotes":""},"categories":[82,78],"tags":[],"class_list":["post-107896","post","type-post","status-publish","format-standard","hentry","category-cameroun","category-economie"],"_links":{"self":[{"href":"https:\/\/linitiative.ca\/International\/wp-json\/wp\/v2\/posts\/107896","targetHints":{"allow":["GET"]}}],"collection":[{"href":"https:\/\/linitiative.ca\/International\/wp-json\/wp\/v2\/posts"}],"about":[{"href":"https:\/\/linitiative.ca\/International\/wp-json\/wp\/v2\/types\/post"}],"author":[{"embeddable":true,"href":"https:\/\/linitiative.ca\/International\/wp-json\/wp\/v2\/users\/1969"}],"replies":[{"embeddable":true,"href":"https:\/\/linitiative.ca\/International\/wp-json\/wp\/v2\/comments?post=107896"}],"version-history":[{"count":0,"href":"https:\/\/linitiative.ca\/International\/wp-json\/wp\/v2\/posts\/107896\/revisions"}],"wp:attachment":[{"href":"https:\/\/linitiative.ca\/International\/wp-json\/wp\/v2\/media?parent=107896"}],"wp:term":[{"taxonomy":"category","embeddable":true,"href":"https:\/\/linitiative.ca\/International\/wp-json\/wp\/v2\/categories?post=107896"},{"taxonomy":"post_tag","embeddable":true,"href":"https:\/\/linitiative.ca\/International\/wp-json\/wp\/v2\/tags?post=107896"}],"curies":[{"name":"wp","href":"https:\/\/api.w.org\/{rel}","templated":true}]}}