{"id":107897,"date":"2020-12-23T11:16:19","date_gmt":"2020-12-23T16:16:19","guid":{"rendered":"https:\/\/linitiative.ca\/International\/le-consupe-va-auditer-la-gestion-des-180-milliards-du-fonds-special-covid-19\/"},"modified":"2020-12-23T11:16:19","modified_gmt":"2020-12-23T16:16:19","slug":"le-consupe-va-auditer-la-gestion-des-180-milliards-du-fonds-special-covid-19","status":"publish","type":"post","link":"https:\/\/linitiative.ca\/International\/le-consupe-va-auditer-la-gestion-des-180-milliards-du-fonds-special-covid-19\/","title":{"rendered":"Le Consupe va auditer la gestion des 180 milliards du Fonds sp\u00e9cial Covid-19"},"content":{"rendered":"<p>Le Contr\u00f4le sup\u00e9rieur de l\u2019Etat(Consupe),\u00a0institution sup\u00e9rieure de contr\u00f4le des finances publiques, gagne finalement l\u2019audit des fonds relatifs \u00e0 la lutte contre la Covid-19. Ainsi en a d\u00e9cid\u00e9 le Ministre d\u2019Etat, Secr\u00e9taire G\u00e9n\u00e9ral \u00e0 la Pr\u00e9sidence de la R\u00e9publique(SGPR). Dans une correspondance adress\u00e9e le 15 d\u00e9cembre dernier au ministre des Finances, Ferdinand Ngoh Ngoh n\u2019y va pas par quatre chemins. \u00ab\u00a0J\u2019ai l\u2019honneur de vous demander de bien vouloir d\u00e9bloquer et mettre \u00e0 la disposition du Ministre d\u00e9l\u00e9gu\u00e9 \u00e0 la Pr\u00e9sidence de la R\u00e9publique Charg\u00e9 du Contr\u00f4le sup\u00e9rieur de l\u2019Etat, une dotation de 32\u00a0555\u00a0000(trente-deux millions cinq cent cinquante-cinq milles, ndlr) FCFA destin\u00e9 \u00e0 la couverture des frais relatifs \u00e0 la mission port\u00e9e en objet\u00a0\u00bb mentionne-t-il. Objet de la correspondance\u00a0: \u00ab\u00a0Mission sp\u00e9ciale d\u2019audit des fonds relatifs \u00e0 la lutte contre contre le Covid-19\u00a0\u00bb peut-on lire.<\/p>\n<p><strong>Lire aussi<\/strong> : <a href=\"https:\/\/ecomatin.net\/fonds-de-solidarite-national-un-lapsus-a-200-millions-de-f\/\">Fonds de solidarit\u00e9 nationale\u00a0: un lapsus \u00e0 200 millions de FCFA<\/a><\/p>\n<p>Cette d\u00e9cision du SGPR foule au pied le d\u00e9cret du Premier Ministre, Chef du Gouvernement du 22 juillet dernier fixant la r\u00e9partition de la dotation dudit fonds (180 milliards de FCFA). En son article 5, alin\u00e9a 3, le texte du Premier Ministre attribue l\u2019audit sur l\u2019utilisation des ressources du Fonds \u00e0 la Chambre des comptes de la cour supr\u00eame, lequel sera pr\u00e9sent\u00e9 devant le parlement. Cette d\u00e9cision d\u00e8s son annonce avait d\u00e9j\u00e0 fait l\u2019objet de vives contestations de la part de\u00a0<strong>Mbah Acha n\u00e9e Fomundam Rose Ngwar<\/strong>i. La ministre d\u00e9l\u00e9gu\u00e9e \u00e0 la pr\u00e9sidence de la R\u00e9publique en charge du Contr\u00f4le sup\u00e9rieur de l\u2019Etat estimait alors que la d\u00e9cision du patron du gouvernement \u00e9tait \u00ab\u00a0 de nature \u00e0 constituer une atteinte grave aux principes r\u00e9gissant le contr\u00f4le des ressources publiques\u00a0\u00bb.<\/p>\n<p>Pour cette seule activit\u00e9, Joseph Dion Ngute avait affect\u00e9 un budget de 2 milliards de FCFA. Un montant qui a finalement \u00e9t\u00e9 ramen\u00e9 par le SGPR \u00e0 32,5 millions de FCFA.<\/p>\n<p><strong>Lire aussi<\/strong> : <a href=\"https:\/\/ecomatin.net\/crise-sanitaire-15-ministeres-exclus-du-partage-des-fonds-de-la-covid-19\/\">Crise sanitaire\u00a0: 15 minist\u00e8res exclus du partage des fonds de la Covid-19<\/a><\/p>\n<p><strong>R\u00e9partition<\/strong><\/p>\n<p>Rappelons que dans le cadre de la r\u00e9partition de la dotation du Fonds sp\u00e9cial, le minist\u00e8re de Sant\u00e9 publique \u00e9tait en t\u00eate des allocations avec 45,63 milliards de FCFA. Viennent ensuite le minist\u00e8re de l\u2019Economie, de la planification et de l\u2019am\u00e9nagement du territoire (26 milliards), le minist\u00e8re des enseignements secondaires (7 milliards), le minist\u00e8re de l\u2019Education de base (6,5 milliards), le minist\u00e8re de la Recherche scientifique et de l\u2019innovation (6,1 milliards), le minist\u00e8re de l\u2019Enseignement sup\u00e9rieur (6 milliards), le minist\u00e8re de l\u2019Agriculture et du d\u00e9veloppement rural (6 milliards), le minist\u00e8re de la D\u00e9fense (3,6 milliards), la D\u00e9l\u00e9gation g\u00e9n\u00e9rale \u00e0 la suret\u00e9 nationale (3 milliards), le minist\u00e8re de la d\u00e9centralisation et du d\u00e9veloppement local (2,5 milliards), le minist\u00e8re des Petites et moyennes entreprises, de l\u2019\u00e9conomie sociale et de l\u2019artisanat (2 milliards), le minist\u00e8re des P\u00eaches et des industries animales (2 milliards), le minist\u00e8re du Tourisme et des Loisirs (1,7 milliard), etc. Toutefois, l\u2019arbitrage de Joseph Dion Ngute, n\u2019avait pas fait que des heureux. Certains secteurs qui ont subi de plein fouet les effets de la pand\u00e9mie du coronavirus n\u2019ayant pas \u00e9t\u00e9 pris en compte dans l\u2019allocation des ressources. C\u2019est le cas du secteur de la Culture, du sport, de la formation professionnelle. En tout, 15 minist\u00e8res ont \u00e9t\u00e9 mis de c\u00f4t\u00e9 par le Chef du gouvernement.<\/p>\n<p><strong>Lire aussi<\/strong> : <a href=\"https:\/\/ecomatin.net\/gestion-du-covid-19-les-coupes-budgetaires-depassent-les-besoins-de-la-reponse-gouvernementale\/\">Gestion du Covid-19\u00a0: Les coupes budg\u00e9taires d\u00e9passent les besoins de la r\u00e9ponse gouvernementale<\/a><\/p>\n<p>Auteur: Cedrick JIONGO<br \/>\n<a href=\"https:\/\/ecomatin.net\/le-consupe-va-auditer-la-gestion-des-180-milliards-du-fonds-special-covid-19\/\">Cliquez ici pour lire l&rsquo;article depuis sa source.<\/a><\/p>\n","protected":false},"excerpt":{"rendered":"<p>Le Contr\u00f4le sup\u00e9rieur de l\u2019Etat(Consupe),\u00a0institution sup\u00e9rieure de contr\u00f4le des finances publiques, gagne finalement l\u2019audit des fonds relatifs \u00e0 la lutte contre la Covid-19. Ainsi en a d\u00e9cid\u00e9 le Ministre d\u2019Etat, Secr\u00e9taire G\u00e9n\u00e9ral \u00e0 la Pr\u00e9sidence de la R\u00e9publique(SGPR). Dans une correspondance adress\u00e9e le 15 d\u00e9cembre dernier au ministre des Finances, Ferdinand Ngoh Ngoh n\u2019y va [&hellip;]<\/p>\n","protected":false},"author":1969,"featured_media":0,"comment_status":"closed","ping_status":"closed","sticky":false,"template":"","format":"standard","meta":{"fifu_image_url":"","fifu_image_alt":"","footnotes":""},"categories":[82,78],"tags":[],"class_list":["post-107897","post","type-post","status-publish","format-standard","hentry","category-cameroun","category-economie"],"_links":{"self":[{"href":"https:\/\/linitiative.ca\/International\/wp-json\/wp\/v2\/posts\/107897","targetHints":{"allow":["GET"]}}],"collection":[{"href":"https:\/\/linitiative.ca\/International\/wp-json\/wp\/v2\/posts"}],"about":[{"href":"https:\/\/linitiative.ca\/International\/wp-json\/wp\/v2\/types\/post"}],"author":[{"embeddable":true,"href":"https:\/\/linitiative.ca\/International\/wp-json\/wp\/v2\/users\/1969"}],"replies":[{"embeddable":true,"href":"https:\/\/linitiative.ca\/International\/wp-json\/wp\/v2\/comments?post=107897"}],"version-history":[{"count":0,"href":"https:\/\/linitiative.ca\/International\/wp-json\/wp\/v2\/posts\/107897\/revisions"}],"wp:attachment":[{"href":"https:\/\/linitiative.ca\/International\/wp-json\/wp\/v2\/media?parent=107897"}],"wp:term":[{"taxonomy":"category","embeddable":true,"href":"https:\/\/linitiative.ca\/International\/wp-json\/wp\/v2\/categories?post=107897"},{"taxonomy":"post_tag","embeddable":true,"href":"https:\/\/linitiative.ca\/International\/wp-json\/wp\/v2\/tags?post=107897"}],"curies":[{"name":"wp","href":"https:\/\/api.w.org\/{rel}","templated":true}]}}