{"id":107898,"date":"2020-12-23T11:47:10","date_gmt":"2020-12-23T16:47:10","guid":{"rendered":"https:\/\/linitiative.ca\/International\/protection-de-lenvironnement-sabc-lance-le-programme-walk-of-reclycing\/"},"modified":"2020-12-23T11:47:10","modified_gmt":"2020-12-23T16:47:10","slug":"protection-de-lenvironnement-sabc-lance-le-programme-walk-of-reclycing","status":"publish","type":"post","link":"https:\/\/linitiative.ca\/International\/protection-de-lenvironnement-sabc-lance-le-programme-walk-of-reclycing\/","title":{"rendered":"Protection de l\u2019environnement: Sabc lance le programme \u00ab walk of reclycing \u00bb"},"content":{"rendered":"<p>C\u2019est pour se conformer \u00e0 l\u2019arr\u00eat\u00e9 conjoint n\u00b0 004 \/MINEPDED\/MINCOMMERCE du 24 octobre 2012, qui\u00a0\u00a0exige que chaque fabricant ou distributeur d\u2019emballages non biod\u00e9gradables mette en place un syst\u00e8me de r\u00e9cup\u00e9ration en vue de leur recyclage, leur valorisation ou \u00e9limination, que les brasseries du Cameroun en collaboration avec l\u2019entreprise Nam\u00e9 Recycling ont lanc\u00e9 le programme \u00ab\u00a0walk of recycling\u00a0\u00bb. Le premier b\u00e9n\u00e9ficiaire de celui-ci a \u00e9t\u00e9 la ville de Yaound\u00e9 le dimanche\u00a0\u00a020 d\u00e9cembre 2020.\u00a0Entre 7h et 11h, 265kg de bouteille plastique soit l\u2019\u00e9quivalent de 7\u00a0420 bouteilles ont \u00e9t\u00e9 collect\u00e9es dans les art\u00e8res de la ville et dans certains m\u00e9nages. Ceci sur un itin\u00e9raire partant du Carrefour Vogt \u00e0 l\u2019usine de distribution des brasseries de Nsam, passant par le carrefour Nsam, le carrefour Obogobo et l\u2019h\u00f4pital d\u2019Efoulan. La prochaine \u00e9tape de ce programme est alors pr\u00e9vue\u00a0\u00a0pour le 27 d\u00e9cembre dans la ville de Douala, pour la m\u00eame op\u00e9ration.<\/p>\n<p><strong>Lire aussi<\/strong> : <a href=\"https:\/\/ecomatin.net\/sabc-offre-un-forage-aux-populations-de-mombo\/\">Sabc offre un forage aux populations de Mombo<\/a><\/p>\n<p>L\u2019association entre les deux entreprises dans le cadre de la protection de l\u2019environnement, n\u2019est pas \u00e0 sa premi\u00e8re initiative.\u00a0L\u2019on se souvient que le\u00a01er mars 2019,\u00a0afin de sensibiliser le public sur\u00a0\u00a0l\u2019importance du recyclage des d\u00e9chets plastiques, le Groupe SABC et son partenaire NAM\u00e9 Recycling ont organis\u00e9 une marche de sensibilisation dans les rues de Bonaberi, dans le 4<sup>e<\/sup>\u00a0arrondissement de la ville de Douala. Cette marche a vu la participation importante d\u2019\u00e9l\u00e8ves et \u00e9tudiants. En plus de la sensibilisation, cette marche avait permis de collecter plus d\u2019une tonne de de d\u00e9chets plastiques qui jonchaient les ruelles.<\/p>\n<p><strong>Lire aussi :<\/strong> <a href=\"https:\/\/ecomatin.net\/sabc-met-une-nouvelle-boisson-sur-le-marche\/\">Sabc met une nouvelle boisson sur le march\u00e9<\/a><\/p>\n<p>Engag\u00e9 dans le traitement des d\u00e9chets, Nam\u00e9 Recycling doit\u00a0collecter, traiter et recycler le maximum de d\u00e9chets pour leur donner une seconde vie et une r\u00e9elle valeur \u00e9conomique. A cet effet, entre les ann\u00e9es 2017 et 2018, elle a collect\u00e9 et recycl\u00e9 38 millions de bouteilles plastiques, soit 1 350 tonnes de d\u00e9chets pastique. Pour les huit premiers mois de 2019, Nam\u00e9 a collect\u00e9 et transform\u00e9 pr\u00e8s de 1 000 tonnes de d\u00e9chets plastiques. Ces ordures ont permis de fabriquer des ustensiles et autres fournitures en plastique qui sont commercialis\u00e9s au Cameroun et dans les magasins IKEA \u00e0 l\u2019\u00e9tranger.\u00a0<\/p>\n<p><strong>Lire aussi :<\/strong> <a href=\"https:\/\/ecomatin.net\/environnement-nestle-cameroun-et-le-groupe-sabc-contre-la-pollution-marine\/\">Environnement\u00a0: Nestl\u00e9 Cameroun et le Groupe Sabc contre la pollution marine\u00a0<\/a>\u00a0<\/p>\n<p>Auteur: Amina MALLOUM<br \/>\n<a href=\"https:\/\/ecomatin.net\/protection-de-lenvironnement-sabc-lance-le-programme-walk-of-reclycing\/\">Cliquez ici pour lire l&rsquo;article depuis sa source.<\/a><\/p>\n","protected":false},"excerpt":{"rendered":"<p>C\u2019est pour se conformer \u00e0 l\u2019arr\u00eat\u00e9 conjoint n\u00b0 004 \/MINEPDED\/MINCOMMERCE du 24 octobre 2012, qui\u00a0\u00a0exige que chaque fabricant ou distributeur d\u2019emballages non biod\u00e9gradables mette en place un syst\u00e8me de r\u00e9cup\u00e9ration en vue de leur recyclage, leur valorisation ou \u00e9limination, que les brasseries du Cameroun en collaboration avec l\u2019entreprise Nam\u00e9 Recycling ont lanc\u00e9 le programme \u00ab\u00a0walk [&hellip;]<\/p>\n","protected":false},"author":1969,"featured_media":0,"comment_status":"closed","ping_status":"closed","sticky":false,"template":"","format":"standard","meta":{"fifu_image_url":"","fifu_image_alt":"","footnotes":""},"categories":[82,78],"tags":[],"class_list":["post-107898","post","type-post","status-publish","format-standard","hentry","category-cameroun","category-economie"],"_links":{"self":[{"href":"https:\/\/linitiative.ca\/International\/wp-json\/wp\/v2\/posts\/107898","targetHints":{"allow":["GET"]}}],"collection":[{"href":"https:\/\/linitiative.ca\/International\/wp-json\/wp\/v2\/posts"}],"about":[{"href":"https:\/\/linitiative.ca\/International\/wp-json\/wp\/v2\/types\/post"}],"author":[{"embeddable":true,"href":"https:\/\/linitiative.ca\/International\/wp-json\/wp\/v2\/users\/1969"}],"replies":[{"embeddable":true,"href":"https:\/\/linitiative.ca\/International\/wp-json\/wp\/v2\/comments?post=107898"}],"version-history":[{"count":0,"href":"https:\/\/linitiative.ca\/International\/wp-json\/wp\/v2\/posts\/107898\/revisions"}],"wp:attachment":[{"href":"https:\/\/linitiative.ca\/International\/wp-json\/wp\/v2\/media?parent=107898"}],"wp:term":[{"taxonomy":"category","embeddable":true,"href":"https:\/\/linitiative.ca\/International\/wp-json\/wp\/v2\/categories?post=107898"},{"taxonomy":"post_tag","embeddable":true,"href":"https:\/\/linitiative.ca\/International\/wp-json\/wp\/v2\/tags?post=107898"}],"curies":[{"name":"wp","href":"https:\/\/api.w.org\/{rel}","templated":true}]}}