{"id":107899,"date":"2020-12-23T12:32:51","date_gmt":"2020-12-23T17:32:51","guid":{"rendered":"https:\/\/linitiative.ca\/International\/le-budget-de-la-minpromalo-augmente-de-227-en-2021\/"},"modified":"2020-12-23T12:32:51","modified_gmt":"2020-12-23T17:32:51","slug":"le-budget-de-la-minpromalo-augmente-de-227-en-2021","status":"publish","type":"post","link":"https:\/\/linitiative.ca\/International\/le-budget-de-la-minpromalo-augmente-de-227-en-2021\/","title":{"rendered":"Le budget de la Minpromalo augmente de 22,7% en 2021"},"content":{"rendered":"<p>La Mission de promotion des mat\u00e9riaux locaux (Minpromalo) a adopt\u00e9e le 17 d\u00e9cembre 2020 son enveloppe budg\u00e9taire pour l\u2019exercice 2021, au cours des travaux de la 42<sup>e<\/sup>\u00a0session ordinaire de son Conseil d\u2019administration. L\u2019enveloppe budg\u00e9taire pr\u00e9vue s\u2019\u00e9l\u00e8ve alors \u00e0 2,436 milliards, contre 1,883 milliards pour l\u2019exercice en cours. Soit une hausse de 22,7%. Cette hausse repr\u00e9sente une augmentation de 553.2 millions de Fcfa. Il faut rappeler que le\u00a0\u00a0budget de l\u2019ann\u00e9e 2020, avait subi une r\u00e9duction de l\u2019ordre de 500 millions de Fcfa, \u00e0 cause de la survenue de la crise du Coronavirus. La d\u00e9cision avait \u00e9t\u00e9 prise le 25 juin 2020, lors d\u2019un conseil d\u2019administration de l\u2019entreprise.<\/p>\n<p><strong>Lire aussi<\/strong> : <a href=\"https:\/\/ecomatin.net\/materiaux-locaux-la-mipromalo-lance-une-ecole-de-formation\/\">Mat\u00e9riaux locaux\u00a0: la Mipromalo lance une \u00e9cole de formation<\/a><\/p>\n<p>Malgr\u00e9 le contexte actuel marqu\u00e9 par la crise sanitaire de la covid-19, la Mipromalo voit grand, elle projette pour l\u2019ann\u00e9e prochaine d\u2019\u00e9tendre sa couverture g\u00e9ographique et aussi le renforcement de ses outils de promotion pour une meilleure vulgarisation des r\u00e9sultats d\u00e8s l\u2019ann\u00e9e 2021<em>.\u00a0\u00ab\u00a0<\/em>Ceci\u00a0\u00e0 travers, le soutien \u00e0 la modernisation de l\u2019appareil de production, la finalisation de la proc\u00e9dure de financement du projet de mise en place de l\u2019usine industrielle de production des briques cuites et des carreaux de Douala, la poursuite de la modernisation du centre polyvalent de Nkolbisson par la finalisation des activit\u00e9s de construction du four tunnel, l\u2019acquisition de l\u2019extrudeuse et d\u2019un broyeur, la finalisation des activit\u00e9s de construction de la nouvelle direction g\u00e9n\u00e9rale de ladite structure et son occupation effective<em>\u00bb,\u00a0<\/em>nous apprend l\u2019Oeil du Sahel, du 18 d\u00e9cembre 2020.<\/p>\n<p>\u00a0Il sera aussi question\u00a0de\u00a0 poursuivre\u00a0\u00abla coop\u00e9ration avec la Royal Society, en vue d\u2019une mise en \u0153uvre efficiente du projet Flair-Mipromalo, le renforcement du partenariat avec le minist\u00e8re des Travaux Publics \u00e0 travers la finalisation des activit\u00e9s contenues dans le Plan d\u2019action en cours et la signature d\u2019un nouveau plan d\u2019action au titre de l\u2019exercice 2021, la poursuite des d\u00e9marches en vue de l\u2019obtention d\u2019une \u00e9ligibilit\u00e9 dans la phase deux du contrat Plan Etat\/MIPROMALO; ledit contrat vise \u00e0 assurer la mise en place de nouveaux centres r\u00e9gionaux dans les r\u00e9gions encore non couvertes par cette institution\u00bb<em>,<\/em>\u00a0poursuit le journal.<\/p>\n<p><strong>Lire aussi<\/strong> : <a href=\"https:\/\/ecomatin.net\/developpement-35-milliards-de-fcfa-de-budget-pour-le-padi-dja-en-2019\/\">D\u00e9veloppement\u00a0: 3,5 milliards de Fcfa de budget pour le Padi-Dja en 2019<\/a><\/p>\n<p>Pour le compte de l\u2019ann\u00e9e qui s\u2019ach\u00e8ve, l\u2019on note quelques r\u00e9alisations comme l\u2019indique Maurice Doube, pr\u00e9sident du Conseil d\u2019administration de la Mipromalo\u00a0: \u00abNous avons quand m\u00eame essay\u00e9 de mettre sur pied, un certain nombre de projets qui nous tenaient \u00e0 c\u0153ur, que ce soit sur le plan de la recherche scientifique et infrastructurel\u00bb.<\/p>\n<p>Rappelons que la Mipromalo a \u00e9t\u00e9 cr\u00e9\u00e9e par d\u00e9cret pr\u00e9sidentiel le 18 septembre 1990. Plac\u00e9e sous la double la tutelle des minist\u00e8res de la Recherche scientifique et de l\u2019Innovation et des Finances, elle a pour but de valoriser l\u2019emploi des mat\u00e9riaux locaux en vue d\u2019une r\u00e9duction des \u00e9quipements nationaux.<\/p>\n<p>Auteur: Amina MALLOUM<br \/>\n<a href=\"https:\/\/ecomatin.net\/le-budget-de-la-minpromalo-augmente-de-227-en-2021\/\">Cliquez ici pour lire l&rsquo;article depuis sa source.<\/a><\/p>\n","protected":false},"excerpt":{"rendered":"<p>La Mission de promotion des mat\u00e9riaux locaux (Minpromalo) a adopt\u00e9e le 17 d\u00e9cembre 2020 son enveloppe budg\u00e9taire pour l\u2019exercice 2021, au cours des travaux de la 42e\u00a0session ordinaire de son Conseil d\u2019administration. L\u2019enveloppe budg\u00e9taire pr\u00e9vue s\u2019\u00e9l\u00e8ve alors \u00e0 2,436 milliards, contre 1,883 milliards pour l\u2019exercice en cours. Soit une hausse de 22,7%. Cette hausse repr\u00e9sente [&hellip;]<\/p>\n","protected":false},"author":1969,"featured_media":0,"comment_status":"closed","ping_status":"closed","sticky":false,"template":"","format":"standard","meta":{"fifu_image_url":"","fifu_image_alt":"","footnotes":""},"categories":[82,78],"tags":[],"class_list":["post-107899","post","type-post","status-publish","format-standard","hentry","category-cameroun","category-economie"],"_links":{"self":[{"href":"https:\/\/linitiative.ca\/International\/wp-json\/wp\/v2\/posts\/107899","targetHints":{"allow":["GET"]}}],"collection":[{"href":"https:\/\/linitiative.ca\/International\/wp-json\/wp\/v2\/posts"}],"about":[{"href":"https:\/\/linitiative.ca\/International\/wp-json\/wp\/v2\/types\/post"}],"author":[{"embeddable":true,"href":"https:\/\/linitiative.ca\/International\/wp-json\/wp\/v2\/users\/1969"}],"replies":[{"embeddable":true,"href":"https:\/\/linitiative.ca\/International\/wp-json\/wp\/v2\/comments?post=107899"}],"version-history":[{"count":0,"href":"https:\/\/linitiative.ca\/International\/wp-json\/wp\/v2\/posts\/107899\/revisions"}],"wp:attachment":[{"href":"https:\/\/linitiative.ca\/International\/wp-json\/wp\/v2\/media?parent=107899"}],"wp:term":[{"taxonomy":"category","embeddable":true,"href":"https:\/\/linitiative.ca\/International\/wp-json\/wp\/v2\/categories?post=107899"},{"taxonomy":"post_tag","embeddable":true,"href":"https:\/\/linitiative.ca\/International\/wp-json\/wp\/v2\/tags?post=107899"}],"curies":[{"name":"wp","href":"https:\/\/api.w.org\/{rel}","templated":true}]}}