{"id":107917,"date":"2020-12-24T10:53:00","date_gmt":"2020-12-24T15:53:00","guid":{"rendered":"https:\/\/linitiative.ca\/International\/mouloud-achour-nest-plus\/"},"modified":"2020-12-24T10:53:00","modified_gmt":"2020-12-24T15:53:00","slug":"mouloud-achour-nest-plus","status":"publish","type":"post","link":"https:\/\/linitiative.ca\/International\/mouloud-achour-nest-plus\/","title":{"rendered":"Mouloud Achour n&rsquo;est plus"},"content":{"rendered":"<div id=\"originalText\" readability=\"68\">\n<p>L\u2019un des piliers de la presse et de la litt\u00e9rature alg\u00e9riennes vient de nous quitter. Parti subitement sans dire adieu, Mouloud Achour est d\u00e9c\u00e9d\u00e9 aujourd\u2019hui \u00e0 l\u2019\u00e2ge de 76 ans.<\/p>\n<p>\u00ab Mouloud Achour n\u2019est plus de ce monde. C\u2019est avec une grande douleur que nous vous annon\u00e7ons son d\u00e9c\u00e8s soudain. Arrach\u00e9 \u00e0 la vie pr\u00e9matur\u00e9ment, il laisse un vide incommensurable, qu\u2019il remplissait chaque jour avec son amour, sa gentillesse, sa loyaut\u00e9, sa sinc\u00e9rit\u00e9, sa g\u00e9n\u00e9rosit\u00e9 et son courage \u00bb, \u00e0 annonc\u00e9 un communique de Casbah Editions,\u00a0\u00a0maison dans laquelle le d\u00e9funt occupait le poste de\u00a0directeur litt\u00e9raire.<\/p>\n<p>N\u00e9 en 1944 \u00e0 Tizi-Ouzou, avant d\u2019entamer sa carri\u00e8re d\u2019\u00e9crivain, Mouloud Achour\u00a0a commenc\u00e9 en tant que journaliste et a travaill\u00e9 dans diff\u00e9rentes r\u00e9dactions, notamment \u00e0 El Moudjahid, Alg\u00e9rie Hebdo et en tant que directeur de la r\u00e9daction de \u00a0\u00bb\u00a0Libert\u00e9 \u00ab\u00a0. \u00ab Le survivant \u00bb est son premier recueil de nouvelles publi\u00e9 en 1971. Il a par la suite enchain\u00e9 avec \u00ab H\u00e9liotropes \u00bb et \u00ab Les derni\u00e8res vendanges \u00bb, son dernier roman \u00ab Un automne au soleil \u00bb, est sorti en 2016.<\/p>\n<p>La disparition de cette figure embl\u00e9matique consid\u00e9r\u00e9e comme un \u00ab p\u00e8re spirituel \u00bb, laisse des g\u00e9n\u00e9rations de journalistes et d\u2019\u00e9crivains orphelins. La lev\u00e9e du corps se fera demain \u00e0 7 heures du matin, \u00e0 l\u2019h\u00f4pital \u00ab Maillot \u00bb de Bab El Oued (Alger). Quant \u00e0 l\u2019enterrement, il aura lieu \u00e0 son village natal, dans la commune de Irdjen, \u00e0Tizi-Ouzou.<\/p>\n<p class=\"c6\"><strong>R. C.<\/strong><\/p>\n<\/div>\n<div id=\"text_core\" readability=\"68\">\n<p>L\u2019un des piliers de la presse et de la litt\u00e9rature alg\u00e9riennes vient de nous quitter. Parti subitement sans dire adieu, Mouloud Achour est d\u00e9c\u00e9d\u00e9 aujourd\u2019hui \u00e0 l\u2019\u00e2ge de 76 ans.<\/p>\n<p>\u00ab Mouloud Achour n\u2019est plus de ce monde. C\u2019est avec une grande douleur que nous vous annon\u00e7ons son d\u00e9c\u00e8s soudain. Arrach\u00e9 \u00e0 la vie pr\u00e9matur\u00e9ment, il laisse un vide incommensurable, qu\u2019il remplissait chaque jour avec son amour, sa gentillesse, sa loyaut\u00e9, sa sinc\u00e9rit\u00e9, sa g\u00e9n\u00e9rosit\u00e9 et son courage \u00bb, \u00e0 annonc\u00e9 un communique de Casbah Editions,\u00a0\u00a0maison dans laquelle le d\u00e9funt occupait le poste de\u00a0directeur litt\u00e9raire.<\/p>\n<p>N\u00e9 en 1944 \u00e0 Tizi-Ouzou, avant d\u2019entamer sa carri\u00e8re d\u2019\u00e9crivain, Mouloud Achour\u00a0a commenc\u00e9 en tant que journaliste et a travaill\u00e9 dans diff\u00e9rentes r\u00e9dactions, notamment \u00e0 El Moudjahid, Alg\u00e9rie Hebdo et en tant que directeur de la r\u00e9daction de \u00a0\u00bb\u00a0Libert\u00e9 \u00ab\u00a0. \u00ab Le survivant \u00bb est son premier recueil de nouvelles publi\u00e9 en 1971. Il a par la suite enchain\u00e9 avec \u00ab H\u00e9liotropes \u00bb et \u00ab Les derni\u00e8res vendanges \u00bb, son dernier roman \u00ab Un automne au soleil \u00bb, est sorti en 2016.<\/p>\n<p>La disparition de cette figure embl\u00e9matique consid\u00e9r\u00e9e comme un \u00ab p\u00e8re spirituel \u00bb, laisse des g\u00e9n\u00e9rations de journalistes et d\u2019\u00e9crivains orphelins. La lev\u00e9e du corps se fera demain \u00e0 7 heures du matin, \u00e0 l\u2019h\u00f4pital \u00ab Maillot \u00bb de Bab El Oued (Alger). Quant \u00e0 l\u2019enterrement, il aura lieu \u00e0 son village natal, dans la commune de Irdjen, \u00e0Tizi-Ouzou.<\/p>\n<p class=\"c6\"><strong>R. C.<\/strong><\/p>\n<\/div>\n<p>Auteur:<br \/>\n<a href=\"https:\/\/www.liberte-algerie.com\/actualite\/mouloud-achour-nest-plus-351302\">Cliquez ici pour lire l&rsquo;article depuis sa source.<\/a><\/p>\n","protected":false},"excerpt":{"rendered":"<p>L\u2019un des piliers de la presse et de la litt\u00e9rature alg\u00e9riennes vient de nous quitter. Parti subitement sans dire adieu, Mouloud Achour est d\u00e9c\u00e9d\u00e9 aujourd\u2019hui \u00e0 l\u2019\u00e2ge de 76 ans. \u00ab Mouloud Achour n\u2019est plus de ce monde. C\u2019est avec une grande douleur que nous vous annon\u00e7ons son d\u00e9c\u00e8s soudain. Arrach\u00e9 \u00e0 la vie pr\u00e9matur\u00e9ment, [&hellip;]<\/p>\n","protected":false},"author":1742,"featured_media":0,"comment_status":"closed","ping_status":"closed","sticky":false,"template":"","format":"standard","meta":{"fifu_image_url":"","fifu_image_alt":"","footnotes":""},"categories":[73,53],"tags":[],"class_list":["post-107917","post","type-post","status-publish","format-standard","hentry","category-actualite","category-algerie"],"_links":{"self":[{"href":"https:\/\/linitiative.ca\/International\/wp-json\/wp\/v2\/posts\/107917","targetHints":{"allow":["GET"]}}],"collection":[{"href":"https:\/\/linitiative.ca\/International\/wp-json\/wp\/v2\/posts"}],"about":[{"href":"https:\/\/linitiative.ca\/International\/wp-json\/wp\/v2\/types\/post"}],"author":[{"embeddable":true,"href":"https:\/\/linitiative.ca\/International\/wp-json\/wp\/v2\/users\/1742"}],"replies":[{"embeddable":true,"href":"https:\/\/linitiative.ca\/International\/wp-json\/wp\/v2\/comments?post=107917"}],"version-history":[{"count":0,"href":"https:\/\/linitiative.ca\/International\/wp-json\/wp\/v2\/posts\/107917\/revisions"}],"wp:attachment":[{"href":"https:\/\/linitiative.ca\/International\/wp-json\/wp\/v2\/media?parent=107917"}],"wp:term":[{"taxonomy":"category","embeddable":true,"href":"https:\/\/linitiative.ca\/International\/wp-json\/wp\/v2\/categories?post=107917"},{"taxonomy":"post_tag","embeddable":true,"href":"https:\/\/linitiative.ca\/International\/wp-json\/wp\/v2\/tags?post=107917"}],"curies":[{"name":"wp","href":"https:\/\/api.w.org\/{rel}","templated":true}]}}