{"id":107918,"date":"2020-12-23T16:54:28","date_gmt":"2020-12-23T21:54:28","guid":{"rendered":"https:\/\/linitiative.ca\/International\/le-rapprochement-maroc-israel-une-grande-chance-pour-retrouver-la-paix\/"},"modified":"2020-12-23T16:54:28","modified_gmt":"2020-12-23T21:54:28","slug":"le-rapprochement-maroc-israel-une-grande-chance-pour-retrouver-la-paix","status":"publish","type":"post","link":"https:\/\/linitiative.ca\/International\/le-rapprochement-maroc-israel-une-grande-chance-pour-retrouver-la-paix\/","title":{"rendered":"Le rapprochement Maroc-Isra\u00ebl, une grande chance pour retrouver la paix"},"content":{"rendered":"<div readability=\"39\">\n<p>Marrakech \u2013 Le rapprochement entre le Maroc et Isra\u00ebl repr\u00e9sente une tr\u00e8s grande chance pour le Maghreb et le Moyen Orient pour retrouver la paix, la stabilit\u00e9 et la s\u00e9curit\u00e9 r\u00e9gionale qui fait d\u00e9faut \u00e0 cette partie du monde menac\u00e9e par le s\u00e9paratisme, l\u2019extr\u00e9misme et l\u2019hyperterrorisme, a soulign\u00e9 le professeur de sciences politiques \u00e0 l\u2019Universit\u00e9 Cadi Ayyad de Marrakech, Dr. Mohsine El Ahmadi.<\/p>\n<\/div>\n<div readability=\"100\">\n<p>\u00ab\u00a0La paix ne peut se faire qu\u2019en cr\u00e9ant des conditions favorables, notamment celles qui tendent \u00e0 assurer un climat de confiance mutuelle entre les Etats et les peuples, en particulier en mati\u00e8re de libert\u00e9 de circulation, de transport et d\u2019\u00e9changes\u00a0\u00bb, a relev\u00e9 cet universitaire dans une d\u00e9claration \u00e0 la MAP.<\/p>\n<p>Le Royaume du Maroc, sous la conduite \u00e9clair\u00e9e de Sa Majest\u00e9 le Roi Mohammed VI, a mis en \u0153uvre le processus bilat\u00e9ral de reprise des m\u00e9canismes de coop\u00e9ration et des \u00e9changes officiels avec l\u2019Etat d\u2019Isra\u00ebl, dans la continuit\u00e9 de la dynamique de reconnaissance de la marocanit\u00e9 du Sahara par l\u2019administration am\u00e9ricaine, a-t-il expliqu\u00e9, faisant remarquer, dans ce cadre, qu\u2019il ne s\u2019agit aucunement de normalisation avec l\u2019Etat h\u00e9breu, mais juste d\u2019une reprise des relations qui ont \u00e9t\u00e9 amorc\u00e9es en 1994 sous le r\u00e8gne de Feu SM Hassan II et gel\u00e9es en 2002 \u00e0 cause de la divergence des points de vue sur le sujet du processus de paix au Proche-Orient.<\/p>\n<p>Apr\u00e8s avoir affirm\u00e9 que l\u2019engagement de SM le Roi Mohammed VI et Ses efforts en faveur du renforcement de la paix et de la stabilit\u00e9 en Afrique du Nord comme au Moyen Orient ne connaissent pas de r\u00e9pit, M. El Ahmadi a not\u00e9 que les mesures d\u2019Etat portant sur l\u2019ouverture des espaces a\u00e9riens entre le Maroc et Isra\u00ebl aux compagnies a\u00e9riennes des deux pays pour transporter leurs citoyens vers le Maroc, la reprise des contacts et des relations diplomatiques officiels, la promotion d\u2019une coop\u00e9ration \u00e9conomique bilat\u00e9rale dynamique et innovante, ainsi que la r\u00e9ouverture des bureaux de liaison \u00e0 Rabat et \u00e0 Tel Aviv ont \u00e9t\u00e9 les traits saillants de ce nouveau souffle diplomatique entre les deux pays.<\/p>\n<p>Et de relever que \u00ab\u00a0la paix a besoin de strat\u00e9gie ainsi que de grands hommes strat\u00e8ges, incarn\u00e9s par Sa Majest\u00e9 le Roi Mohammed VI et le Pr\u00e9sident am\u00e9ricain Donald Trump qui a d\u00e9l\u00e9gu\u00e9 son Conseiller M. Jared Kushner pour mettre en \u0153uvre une strat\u00e9gie de longue haleine depuis sa visite au Maroc en mai 2018 avec le r\u00e9sultat que le monde a salu\u00e9, \u00e0 savoir celui de la reconnaissance pleine et enti\u00e8re de l\u2019int\u00e9grit\u00e9 territoriale du Maroc\u00a0\u00bb.<\/p>\n<p>L\u2019universitaire a conclu que SM le Roi Mohammed VI, en Sa qualit\u00e9 d\u2019Amir Al-Mouminine et de Pr\u00e9sident du Comit\u00e9 Al Qods, a clairement insist\u00e9 sur le fait qu\u2019une paix achev\u00e9e, durable et juste ne peut se faire entre Isra\u00e9liens et Palestiniens, envers qui le Royaume du Maroc a une sympathie toute particuli\u00e8re et un engagement quasi-spirituel, que sur la base de deux Etats vivant c\u00f4te \u00e0 c\u00f4te dans la paix et la s\u00e9curit\u00e9 et de la sauvegarde du caract\u00e8re musulman de la Ville Sacr\u00e9e pour les trois religions du Livre.<\/p>\n<p>Sa Majest\u00e9 le Roi Mohammed VI, accompagn\u00e9 de SAR le Prince H\u00e9ritier Moulay El Hassan, a re\u00e7u, mardi au Palais Royal de Rabat, une d\u00e9l\u00e9gation compos\u00e9e de M. Jared KUSHNER, Conseiller principal du Pr\u00e9sident des Etats-Unis d\u2019Am\u00e9rique, M. Meir BEN-SHABBAT, Conseiller \u00e0 la S\u00e9curit\u00e9 Nationale de l\u2019Etat d\u2019Isra\u00ebl et M. Avrahm Joel BERKOWITZ, Assistant sp\u00e9cial du Pr\u00e9sident des Etats-Unis d\u2019Am\u00e9rique et Repr\u00e9sentant sp\u00e9cial pour les n\u00e9gociations internationales.<\/p>\n<p>A l\u2019issue de cette audience, une D\u00e9claration Conjointe entre le Royaume du Maroc, les Etats-Unis d\u2019Am\u00e9rique et l\u2019Etat d\u2019Isra\u00ebl, a \u00e9t\u00e9 sign\u00e9e devant Sa Majest\u00e9 le Roi par le Chef du Gouvernement, M. Saad Eddine El Otmani, M. Jared KUSHNER et M. Meir BEN-SHABBAT.<\/p>\n<\/div>\n<p>Auteur: Meriem IGASS<br \/>\n<a href=\"http:\/\/www.mapmarrakech.ma\/fr\/le-rapprochement-maroc-israel-une-grande-chance-pour-retrouver-la-paix\/\">Cliquez ici pour lire l&rsquo;article depuis sa source.<\/a><\/p>\n","protected":false},"excerpt":{"rendered":"<p>Marrakech \u2013 Le rapprochement entre le Maroc et Isra\u00ebl repr\u00e9sente une tr\u00e8s grande chance pour le Maghreb et le Moyen Orient pour retrouver la paix, la stabilit\u00e9 et la s\u00e9curit\u00e9 r\u00e9gionale qui fait d\u00e9faut \u00e0 cette partie du monde menac\u00e9e par le s\u00e9paratisme, l\u2019extr\u00e9misme et l\u2019hyperterrorisme, a soulign\u00e9 le professeur de sciences politiques \u00e0 l\u2019Universit\u00e9 [&hellip;]<\/p>\n","protected":false},"author":1788,"featured_media":0,"comment_status":"closed","ping_status":"closed","sticky":false,"template":"","format":"standard","meta":{"fifu_image_url":"","fifu_image_alt":"","footnotes":""},"categories":[54,76],"tags":[],"class_list":["post-107918","post","type-post","status-publish","format-standard","hentry","category-maroc","category-regions"],"_links":{"self":[{"href":"https:\/\/linitiative.ca\/International\/wp-json\/wp\/v2\/posts\/107918","targetHints":{"allow":["GET"]}}],"collection":[{"href":"https:\/\/linitiative.ca\/International\/wp-json\/wp\/v2\/posts"}],"about":[{"href":"https:\/\/linitiative.ca\/International\/wp-json\/wp\/v2\/types\/post"}],"author":[{"embeddable":true,"href":"https:\/\/linitiative.ca\/International\/wp-json\/wp\/v2\/users\/1788"}],"replies":[{"embeddable":true,"href":"https:\/\/linitiative.ca\/International\/wp-json\/wp\/v2\/comments?post=107918"}],"version-history":[{"count":0,"href":"https:\/\/linitiative.ca\/International\/wp-json\/wp\/v2\/posts\/107918\/revisions"}],"wp:attachment":[{"href":"https:\/\/linitiative.ca\/International\/wp-json\/wp\/v2\/media?parent=107918"}],"wp:term":[{"taxonomy":"category","embeddable":true,"href":"https:\/\/linitiative.ca\/International\/wp-json\/wp\/v2\/categories?post=107918"},{"taxonomy":"post_tag","embeddable":true,"href":"https:\/\/linitiative.ca\/International\/wp-json\/wp\/v2\/tags?post=107918"}],"curies":[{"name":"wp","href":"https:\/\/api.w.org\/{rel}","templated":true}]}}