{"id":107919,"date":"2020-12-23T17:24:19","date_gmt":"2020-12-23T22:24:19","guid":{"rendered":"https:\/\/linitiative.ca\/International\/remise-dequipements-medicaux-au-profit-de-686-personnes-precaires\/"},"modified":"2020-12-23T17:24:19","modified_gmt":"2020-12-23T22:24:19","slug":"remise-dequipements-medicaux-au-profit-de-686-personnes-precaires","status":"publish","type":"post","link":"https:\/\/linitiative.ca\/International\/remise-dequipements-medicaux-au-profit-de-686-personnes-precaires\/","title":{"rendered":"Remise d\u2019\u00e9quipements m\u00e9dicaux au profit de 686 personnes pr\u00e9caires"},"content":{"rendered":"<div readability=\"38\">\n<p>Benguerir (Province de Rehamna) \u2013 Une c\u00e9r\u00e9monie de remise d\u2019un lot d\u2019\u00e9quipements m\u00e9dicaux compos\u00e9 notamment de fauteuils roulants, de lunettes de correction et d\u2019appareils de correction auditive, au profit de 686 personnes en situation de pr\u00e9carit\u00e9 ou souffrant de handicap, a \u00e9t\u00e9 organis\u00e9e mercredi au si\u00e8ge de la pr\u00e9fecture de la province de Rehamna.<\/p>\n<\/div>\n<div readability=\"133\">\n<p>Ce lot comprend 263 fauteuils roulants, 30 d\u00e9ambulateurs pour adultes, 30 chaises-toilette, 58 b\u00e9quilles, 241 paires de lunettes de correction et 115 appareils de correction auditive.<\/p>\n<p>Cette initiative, la deuxi\u00e8me du genre organis\u00e9e par le Comit\u00e9 Provincial de D\u00e9veloppement Humain (CPDH) en partenariat avec la d\u00e9l\u00e9gation provinciale de la Sant\u00e9, la d\u00e9l\u00e9gation provinciale de l\u2019Entraide Nationale et des associations gestionnaires, s\u2019inscrit dans le cadre des efforts visant \u00e0 am\u00e9liorer les conditions de vie des personnes vuln\u00e9rables et \u00e0 leur garantir une vie digne.<\/p>\n<p>Elle entre dans le cadre du Pilier 2 de l\u2019INDH dans sa 3\u00e8 phase, telle qu\u2019impuls\u00e9e par Sa Majest\u00e9 le Roi Mohammed VI.<\/p>\n<p>La c\u00e9r\u00e9monie de remise de ce lot d\u2019\u00e9quipements m\u00e9dicaux a \u00e9t\u00e9 rehauss\u00e9e par la pr\u00e9sence notamment du gouverneur de la province, M. Aziz Bouignane, du pr\u00e9sident du conseil communal de Benguerir, du vice-pr\u00e9sident du conseil provincial, de parlementaires et des chefs des services ext\u00e9rieurs.<\/p>\n<p>Par la m\u00eame occasion, il a \u00e9t\u00e9 proc\u00e9d\u00e9 \u00e0 la remise \u00e0 la d\u00e9l\u00e9gation provinciale de la Sant\u00e9 de deux unit\u00e9s m\u00e9dicales mobiles, acquises gr\u00e2ce \u00e0 une enveloppe budg\u00e9taire de 500.000 DH financ\u00e9es dans le cadre de l\u2019INDH.<\/p>\n<p>Ces unit\u00e9s devront permettre de renforcer et de tirer vers le haut la qualit\u00e9 de l\u2019offre sanitaire au niveau de cette province et rendre certaines prestations de sant\u00e9 accessibles aux citoyens sur l\u2019ensemble de cette partie du territoire national.<\/p>\n<p>Dans une allocution de circonstance, M. Bouignane s\u2019est f\u00e9licit\u00e9 de cette initiative humaine et solidaire, tout en adressant ses vifs remerciements \u00e0 l\u2019ensemble des partenaires, dont la Fondation Rehamna pour le d\u00e9veloppement durable, le Groupe OCP et les \u00e9lus locaux, ainsi qu\u2019aux associations actives dans le domaine du d\u00e9veloppement humain.<\/p>\n<p>Dans la foul\u00e9e, il a mis en avant tout l\u2019int\u00e9r\u00eat port\u00e9, dans le cadre de l\u2019INDH, \u00e0 l\u2019am\u00e9lioration des conditions de vie des personnes en situation de pr\u00e9carit\u00e9 ou encore celles souffrant de handicap.<\/p>\n<p>Dans ce sens, le gouverneur a rappel\u00e9 les Instructions Royales portant sur l\u2019imp\u00e9ratif de combler les d\u00e9ficits sociaux, notamment en termes d\u2019infrastructures et d\u2019\u00e9quipements, r\u00e9it\u00e9rant l\u2019engagement constant des autorit\u00e9s provinciales \u00e0 oeuvrer afin de r\u00e9pondre aux attentes des citoyens.<\/p>\n<p>\u00ab\u00a0Nous restons d\u00e9termin\u00e9s et engag\u00e9s en permanence, de mani\u00e8re \u00e0 ce que les conditions de scolarisation des enfants et les conditions sociales des familles vuln\u00e9rables soient am\u00e9lior\u00e9es, tout en encourageant les initiatives priv\u00e9es\u00a0\u00bb, a-t-il enchain\u00e9, mettant en avant le progr\u00e8s r\u00e9alis\u00e9 au Maroc, sous la conduite \u00e9clair\u00e9e de Sa Majest\u00e9 le Roi Mohammed VI.<\/p>\n<p>De son c\u00f4t\u00e9, M. Mohammed Liaaychi, chef de la Division des Affaires Sociales (DAS) \u00e0 la pr\u00e9fecture de la province de Rehamna, a d\u00e9clar\u00e9 \u00e0 la MAP que dans le cadre du programme d\u2019accompagnement des personnes en situation de pr\u00e9carit\u00e9 relevant de l\u2019INDH, il a \u00e9t\u00e9 proc\u00e9d\u00e9 \u00e0 l\u2019organisation de cette op\u00e9ration ciblant les personnes issues de milieux d\u00e9favoris\u00e9s et celles \u00e0 besoins sp\u00e9cifiques en mettant \u00e0 leur disposition une s\u00e9rie d\u2019\u00e9quipements.<\/p>\n<p>Il a \u00e9galement mis en avant l\u2019importance de la remise de deux unit\u00e9s m\u00e9dicales mobiles \u00e0 la d\u00e9l\u00e9gation provinciale de la sant\u00e9; notamment en termes d\u2019att\u00e9nuation des r\u00e9percussions de la Covid-19, faisant savoir que ces unit\u00e9s seront d\u00e9ploy\u00e9es aussi dans le cadre de la prochaine campagne nationale de vaccination anti-coronavirus et des efforts visant \u00e0 am\u00e9liorer les conditions de sant\u00e9 de la m\u00e8re et de l\u2019enfant.<\/p>\n<p>Dans une d\u00e9claration similaire, le d\u00e9l\u00e9gu\u00e9 provincial de la Sant\u00e9, M. Kamal El Yansali, a mis en relief l\u2019importance de ce genre d\u2019initiative solidaire et humaine ciblant les personnes issues de milieux d\u00e9favoris\u00e9s ou souffrant de handicap, notant que cette action se veut l\u2019aboutissement d\u2019un partenariat exemplaire entre l\u2019INDH et les diff\u00e9rents partenaires.<\/p>\n<p>Et de poursuivre que les deux unit\u00e9s m\u00e9dicales mobiles mises \u00e0 la disposition de la d\u00e9l\u00e9gation provinciale de la Sant\u00e9 seront mobilis\u00e9es dans le cadre des efforts visant \u00e0 enrayer la propagation de la pand\u00e9mie de la Covid-19, ainsi que de l\u2019int\u00e9r\u00eat port\u00e9 \u00e0 l\u2019am\u00e9lioration de la sant\u00e9 de la m\u00e8re et de l\u2019enfant.<\/p>\n<\/div>\n<p>Auteur: Meriem IGASS<br \/>\n<a href=\"http:\/\/www.mapmarrakech.ma\/fr\/remise-dequipements-medicaux-au-profit-de-686-personnes-precaires\/\">Cliquez ici pour lire l&rsquo;article depuis sa source.<\/a><\/p>\n","protected":false},"excerpt":{"rendered":"<p>Benguerir (Province de Rehamna) \u2013 Une c\u00e9r\u00e9monie de remise d\u2019un lot d\u2019\u00e9quipements m\u00e9dicaux compos\u00e9 notamment de fauteuils roulants, de lunettes de correction et d\u2019appareils de correction auditive, au profit de 686 personnes en situation de pr\u00e9carit\u00e9 ou souffrant de handicap, a \u00e9t\u00e9 organis\u00e9e mercredi au si\u00e8ge de la pr\u00e9fecture de la province de Rehamna. Ce [&hellip;]<\/p>\n","protected":false},"author":1788,"featured_media":0,"comment_status":"closed","ping_status":"closed","sticky":false,"template":"","format":"standard","meta":{"fifu_image_url":"","fifu_image_alt":"","footnotes":""},"categories":[54,76],"tags":[],"class_list":["post-107919","post","type-post","status-publish","format-standard","hentry","category-maroc","category-regions"],"_links":{"self":[{"href":"https:\/\/linitiative.ca\/International\/wp-json\/wp\/v2\/posts\/107919","targetHints":{"allow":["GET"]}}],"collection":[{"href":"https:\/\/linitiative.ca\/International\/wp-json\/wp\/v2\/posts"}],"about":[{"href":"https:\/\/linitiative.ca\/International\/wp-json\/wp\/v2\/types\/post"}],"author":[{"embeddable":true,"href":"https:\/\/linitiative.ca\/International\/wp-json\/wp\/v2\/users\/1788"}],"replies":[{"embeddable":true,"href":"https:\/\/linitiative.ca\/International\/wp-json\/wp\/v2\/comments?post=107919"}],"version-history":[{"count":0,"href":"https:\/\/linitiative.ca\/International\/wp-json\/wp\/v2\/posts\/107919\/revisions"}],"wp:attachment":[{"href":"https:\/\/linitiative.ca\/International\/wp-json\/wp\/v2\/media?parent=107919"}],"wp:term":[{"taxonomy":"category","embeddable":true,"href":"https:\/\/linitiative.ca\/International\/wp-json\/wp\/v2\/categories?post=107919"},{"taxonomy":"post_tag","embeddable":true,"href":"https:\/\/linitiative.ca\/International\/wp-json\/wp\/v2\/tags?post=107919"}],"curies":[{"name":"wp","href":"https:\/\/api.w.org\/{rel}","templated":true}]}}