{"id":107920,"date":"2020-12-24T05:28:24","date_gmt":"2020-12-24T10:28:24","guid":{"rendered":"https:\/\/linitiative.ca\/International\/la-fntt-mobilisee-pour-la-defense-de-lintegrite-territoriale\/"},"modified":"2020-12-24T05:28:24","modified_gmt":"2020-12-24T10:28:24","slug":"la-fntt-mobilisee-pour-la-defense-de-lintegrite-territoriale","status":"publish","type":"post","link":"https:\/\/linitiative.ca\/International\/la-fntt-mobilisee-pour-la-defense-de-lintegrite-territoriale\/","title":{"rendered":"La FNTT mobilis\u00e9e pour la d\u00e9fense de l\u2019int\u00e9grit\u00e9 territoriale"},"content":{"rendered":"<div class=\"single-featured\"><img alt=\"\" data-src=\"http:\/\/www.mapmarrakech.ma\/map\/uploads\/2020\/12\/fntt-copier.jpg\"\/><\/div>\n<div class=\"single-post-excerpt post-excerpt-bc\" readability=\"34\">\n<p>Marrakech \u2013 La F\u00e9d\u00e9ration nationale du transport touristique (FNTT) a exprim\u00e9 sa mobilisation constante derri\u00e8re Sa Majest\u00e9 le Roi Mohammed VI pour la d\u00e9fense de l\u2019int\u00e9grit\u00e9 territoriale du Royaume et la r\u00e9alisation du d\u00e9veloppement socio-\u00e9conomique dans les provinces du Sud.<\/p>\n<\/div>\n<div class=\"entry-content clearfix single-post-content\" readability=\"68\">\n<p>Dans un communiqu\u00e9 publi\u00e9 \u00e0 l\u2019issue de sa caravane pour l\u2019encouragement du tourisme interne dans la r\u00e9gion de Dakhla Oued-Eddahab, organis\u00e9e du 14 au 20 d\u00e9cembre et couronn\u00e9e par une visite au poste frontalier d\u2019El Guerguerat, la FNTT s\u2019est aussi f\u00e9licit\u00e9e des succ\u00e8s retentissants de la diplomatie marocaine sous l\u2019impulsion de SM le Roi, notamment la d\u00e9cision historique des Etats-Unis de reconna\u00eetre la souverainet\u00e9 pleine et enti\u00e8re du Maroc sur son Sahara.<\/p>\n<p>La F\u00e9d\u00e9ration a exprim\u00e9 \u00e9galement son engagement \u00e0 mettre ses cadres et professionnels \u00e0 la disposition des jeunes ambitieux qui d\u00e9sirent investir dans le secteur touristique dans les provinces du Sud, appelant le gouvernement et les conseils \u00e9lus de la r\u00e9gion du Sahara marocain \u00e0 appuyer les efforts des professionnels et \u00e0 les associer en vue de promouvoir le secteur touristique dans ces m\u00eames provinces.<\/p>\n<p>La FNTT a aussi appel\u00e9 le gouvernement, le minist\u00e8re du tourisme et les secteurs concern\u00e9s \u00e0 soutenir les projets d\u2019investissement dans le secteur touristique dans les provinces du Sud et \u00e0 veiller \u00e0 faciliter les proc\u00e9dures administratives et \u00e0 mettre en place des programmes de financement incitatifs.<\/p>\n<p>Pour rappel, la caravane pour l\u2019encouragement du tourisme interne dans la r\u00e9gion de Dakhla Oued-Eddahab a connu la participation de pr\u00e8s de 160 personnes, dont des professionnels du transport touristique et des guides issus des diff\u00e9rentes r\u00e9gions du Maroc.<\/p>\n<p>Cr\u00e9\u00e9e en 2017, la FNTT relevant de l\u2019Union g\u00e9n\u00e9rale des entreprises et des professions (UGEP) compte 11 associations et syndicats r\u00e9gionaux et provinciaux issus des diff\u00e9rentes r\u00e9gions du Royaume.<\/p>\n<p>Cette association, qui vise \u00e0 repr\u00e9senter et \u00e0 d\u00e9fendre les int\u00e9r\u00eats des professionnels du transport touristique aupr\u00e8s du gouvernement et de toutes les instances concern\u00e9es, a aussi pour vocation l\u2019encadrement et la formation des professionnels et la modernisation du secteur du transport touristique.<\/p>\n<\/div>\n<p>Auteur: Meriem IGASS<br \/>\n<a href=\"http:\/\/www.mapmarrakech.ma\/fr\/la-fntt-mobilisee-pour-la-defense-de-lintegrite-territoriale\/\">Cliquez ici pour lire l&rsquo;article depuis sa source.<\/a><\/p>\n","protected":false},"excerpt":{"rendered":"<p>Marrakech \u2013 La F\u00e9d\u00e9ration nationale du transport touristique (FNTT) a exprim\u00e9 sa mobilisation constante derri\u00e8re Sa Majest\u00e9 le Roi Mohammed VI pour la d\u00e9fense de l\u2019int\u00e9grit\u00e9 territoriale du Royaume et la r\u00e9alisation du d\u00e9veloppement socio-\u00e9conomique dans les provinces du Sud. Dans un communiqu\u00e9 publi\u00e9 \u00e0 l\u2019issue de sa caravane pour l\u2019encouragement du tourisme interne dans [&hellip;]<\/p>\n","protected":false},"author":1788,"featured_media":0,"comment_status":"closed","ping_status":"closed","sticky":false,"template":"","format":"standard","meta":{"fifu_image_url":"http:\/\/www.mapmarrakech.ma\/map\/uploads\/2020\/12\/fntt-copier.jpg","fifu_image_alt":"La FNTT mobilis\u00e9e pour la d\u00e9fense de l\u2019int\u00e9grit\u00e9 territoriale","footnotes":""},"categories":[54,76],"tags":[],"class_list":["post-107920","post","type-post","status-publish","format-standard","hentry","category-maroc","category-regions"],"_links":{"self":[{"href":"https:\/\/linitiative.ca\/International\/wp-json\/wp\/v2\/posts\/107920","targetHints":{"allow":["GET"]}}],"collection":[{"href":"https:\/\/linitiative.ca\/International\/wp-json\/wp\/v2\/posts"}],"about":[{"href":"https:\/\/linitiative.ca\/International\/wp-json\/wp\/v2\/types\/post"}],"author":[{"embeddable":true,"href":"https:\/\/linitiative.ca\/International\/wp-json\/wp\/v2\/users\/1788"}],"replies":[{"embeddable":true,"href":"https:\/\/linitiative.ca\/International\/wp-json\/wp\/v2\/comments?post=107920"}],"version-history":[{"count":0,"href":"https:\/\/linitiative.ca\/International\/wp-json\/wp\/v2\/posts\/107920\/revisions"}],"wp:attachment":[{"href":"https:\/\/linitiative.ca\/International\/wp-json\/wp\/v2\/media?parent=107920"}],"wp:term":[{"taxonomy":"category","embeddable":true,"href":"https:\/\/linitiative.ca\/International\/wp-json\/wp\/v2\/categories?post=107920"},{"taxonomy":"post_tag","embeddable":true,"href":"https:\/\/linitiative.ca\/International\/wp-json\/wp\/v2\/tags?post=107920"}],"curies":[{"name":"wp","href":"https:\/\/api.w.org\/{rel}","templated":true}]}}