{"id":107928,"date":"2020-12-23T14:46:24","date_gmt":"2020-12-23T19:46:24","guid":{"rendered":"https:\/\/linitiative.ca\/International\/lancement-de-projets-dinfrastructures-socio-economique-a-jerada\/"},"modified":"2020-12-23T14:46:24","modified_gmt":"2020-12-23T19:46:24","slug":"lancement-de-projets-dinfrastructures-socio-economique-a-jerada","status":"publish","type":"post","link":"https:\/\/linitiative.ca\/International\/lancement-de-projets-dinfrastructures-socio-economique-a-jerada\/","title":{"rendered":"Lancement de projets d\u2019infrastructures socio-\u00e9conomique \u00e0 Jerada"},"content":{"rendered":"<p class=\"c4\">La ville de Jerada a connu, mardi, le lancement de projets visant \u00e0 renforcer l\u2019infrastructure sociale, \u00e9conomique et administrative pour soutenir le processus de d\u00e9veloppement.<\/p>\n<p class=\"c4\">Le gouverneur de la province de Jerada, Mabrouk Tabet, accompagn\u00e9 notamment d\u2019\u00e9lus et de responsables des autorit\u00e9s locales et des services de s\u00e9curit\u00e9, a donn\u00e9 le coup d\u2019envoi des travaux de construction du si\u00e8ge du Conseil provincial de Jerada.<\/p>\n<p class=\"c4\">Ce projet est dot\u00e9 d\u2019une enveloppe de 10,4 millions de dirhams (MDH), financ\u00e9e par le minist\u00e8re de l\u2019Int\u00e9rieur (Direction g\u00e9n\u00e9rale des collectivit\u00e9s territoriales) \u00e0 hauteur de 6 MDH et le Conseil provincial avec un apport de 4 MDH.<\/p>\n<p class=\"c4\">Cet \u00e9difice, qui n\u00e9cessitera 12 mois de travaux, comportera des bureaux administratifs, des salles de r\u00e9union, des salles d\u2019archive, un parking et d\u2019autres d\u00e9pendances.<\/p>\n<p class=\"c4\">Par la suite, M. Tabet a proc\u00e9d\u00e9 au lancement des travaux de renouvellement du r\u00e9seau d\u2019assainissement liquide des quartiers sous-\u00e9quip\u00e9s de la ville de Jerada, un projet d\u2019un co\u00fbt global de 10 MDH, financ\u00e9s par le minist\u00e8re de l\u2019Int\u00e9rieur (Direction g\u00e9n\u00e9rale des collectivit\u00e9s territoriales), en partenariat avec la Commune de Jerada, le Conseil provincial, la pr\u00e9fecture de la province de Jerada et l\u2019Office national de l\u2019\u00e9lectricit\u00e9 et de l\u2019eau potable \u2013 Branche Eau.<\/p>\n<p class=\"c4\">Par ailleurs, le gouverneur de la province et la d\u00e9l\u00e9gation l\u2019accompagnant ont visit\u00e9 le chantier de reconstruction du complexe de l\u2019artisanat, n\u00e9cessitant une enveloppe de 5,6 MDH financ\u00e9e dans le cadre d\u2019un partenariat entre le minist\u00e8re du Tourisme, de l\u2019artisanat, du transport a\u00e9rien et l\u2019\u00e9conomie sociale (4,6 MDH) et le Conseil provincial de Jerada (1 MDH).<\/p>\n<p class=\"c4\">Ce projet s\u2019inscrit dans le cadre du parach\u00e8vement de la r\u00e9alisation des projets programm\u00e9s conform\u00e9ment \u00e0 la convention de partenariat pour le d\u00e9veloppement de la commune de Jerada, dans le cadre de la politique de la ville au titre de la p\u00e9riode 2015-2019.<\/p>\n<p class=\"c4\">Il vise \u00e0 renforcer les structures de l\u2019artisanat dans la province de Jerada et promouvoir l\u2019\u00e9conomie sociale et solidaire en tant que levier du d\u00e9veloppement local et l\u2019une des composantes essentielles compl\u00e9tant le programme de d\u00e9veloppement de la province de Jerada pour la p\u00e9riode 2018-2020.<\/p>\n<p class=\"c4\">Cette structure, qui contribuera \u00e0 l\u2019encadrement des artisans de Jerada, comportera des boutiques, une salle d\u2019exposition, une salle polyvalente, des espaces collectifs, des bureaux administratifs et d\u2019autres d\u00e9pendances.<\/p>\n<p>Auteur: Soufiane ELAHMAR<br \/>\n<a href=\"http:\/\/www.mapoujda.ma\/fr\/lancement-de-projets-dinfrastructures-socio-economique-a-jerada\/\">Cliquez ici pour lire l&rsquo;article depuis sa source.<\/a><\/p>\n","protected":false},"excerpt":{"rendered":"<p>La ville de Jerada a connu, mardi, le lancement de projets visant \u00e0 renforcer l\u2019infrastructure sociale, \u00e9conomique et administrative pour soutenir le processus de d\u00e9veloppement. Le gouverneur de la province de Jerada, Mabrouk Tabet, accompagn\u00e9 notamment d\u2019\u00e9lus et de responsables des autorit\u00e9s locales et des services de s\u00e9curit\u00e9, a donn\u00e9 le coup d\u2019envoi des travaux [&hellip;]<\/p>\n","protected":false},"author":1788,"featured_media":0,"comment_status":"closed","ping_status":"closed","sticky":false,"template":"","format":"standard","meta":{"fifu_image_url":"","fifu_image_alt":"","footnotes":""},"categories":[54,76],"tags":[],"class_list":["post-107928","post","type-post","status-publish","format-standard","hentry","category-maroc","category-regions"],"_links":{"self":[{"href":"https:\/\/linitiative.ca\/International\/wp-json\/wp\/v2\/posts\/107928","targetHints":{"allow":["GET"]}}],"collection":[{"href":"https:\/\/linitiative.ca\/International\/wp-json\/wp\/v2\/posts"}],"about":[{"href":"https:\/\/linitiative.ca\/International\/wp-json\/wp\/v2\/types\/post"}],"author":[{"embeddable":true,"href":"https:\/\/linitiative.ca\/International\/wp-json\/wp\/v2\/users\/1788"}],"replies":[{"embeddable":true,"href":"https:\/\/linitiative.ca\/International\/wp-json\/wp\/v2\/comments?post=107928"}],"version-history":[{"count":0,"href":"https:\/\/linitiative.ca\/International\/wp-json\/wp\/v2\/posts\/107928\/revisions"}],"wp:attachment":[{"href":"https:\/\/linitiative.ca\/International\/wp-json\/wp\/v2\/media?parent=107928"}],"wp:term":[{"taxonomy":"category","embeddable":true,"href":"https:\/\/linitiative.ca\/International\/wp-json\/wp\/v2\/categories?post=107928"},{"taxonomy":"post_tag","embeddable":true,"href":"https:\/\/linitiative.ca\/International\/wp-json\/wp\/v2\/tags?post=107928"}],"curies":[{"name":"wp","href":"https:\/\/api.w.org\/{rel}","templated":true}]}}