{"id":107932,"date":"2020-12-24T14:54:24","date_gmt":"2020-12-24T19:54:24","guid":{"rendered":"https:\/\/linitiative.ca\/International\/emprunt-obligataire-reussi-pour-fec\/"},"modified":"2020-12-24T14:54:24","modified_gmt":"2020-12-24T19:54:24","slug":"emprunt-obligataire-reussi-pour-fec","status":"publish","type":"post","link":"https:\/\/linitiative.ca\/International\/emprunt-obligataire-reussi-pour-fec\/","title":{"rendered":"Emprunt obligataire r\u00e9ussi pour FEC"},"content":{"rendered":"<p class=\"rtejustify\">Le Fonds d\u2019\u00e9quipement communal (FEC) est parvenu \u00e0 lever 2 milliards de DH sur le march\u00e9 de la dette priv\u00e9e. Il cl\u00f4ture ainsi avec succ\u00e8s son \u00e9mission obligataire puisque le montant souscrit dans le cadre de cette op\u00e9ration d\u00e9passe les 2,07 milliards de DH. Il faut pr\u00e9ciser que le montant servi \u00e0 l\u2019issue de l\u2019allocation a port\u00e9 sur des obligations ordinaires non cot\u00e9es au taux de 2,25% r\u00e9visable annuellement \u00e0 compter du 31 mars 2022, d\u2019une maturit\u00e9 de 15 ans et 104 jours.<br \/><em>M.A.B.<\/em><\/p>\n<p>Auteur: hlafriqi<br \/>\n<a href=\"https:\/\/www.leconomiste.com\/article\/1071173-emprunt-obligataire-reussi-pour-fec\">Cliquez ici pour lire l&rsquo;article depuis sa source.<\/a><\/p>\n","protected":false},"excerpt":{"rendered":"<p>Le Fonds d\u2019\u00e9quipement communal (FEC) est parvenu \u00e0 lever 2 milliards de DH sur le march\u00e9 de la dette priv\u00e9e. Il cl\u00f4ture ainsi avec succ\u00e8s son \u00e9mission obligataire puisque le montant souscrit dans le cadre de cette op\u00e9ration d\u00e9passe les 2,07 milliards de DH. Il faut pr\u00e9ciser que le montant servi \u00e0 l\u2019issue de l\u2019allocation [&hellip;]<\/p>\n","protected":false},"author":1763,"featured_media":0,"comment_status":"closed","ping_status":"closed","sticky":false,"template":"","format":"standard","meta":{"fifu_image_url":"","fifu_image_alt":"","footnotes":""},"categories":[78,54],"tags":[],"class_list":["post-107932","post","type-post","status-publish","format-standard","hentry","category-economie","category-maroc"],"_links":{"self":[{"href":"https:\/\/linitiative.ca\/International\/wp-json\/wp\/v2\/posts\/107932","targetHints":{"allow":["GET"]}}],"collection":[{"href":"https:\/\/linitiative.ca\/International\/wp-json\/wp\/v2\/posts"}],"about":[{"href":"https:\/\/linitiative.ca\/International\/wp-json\/wp\/v2\/types\/post"}],"author":[{"embeddable":true,"href":"https:\/\/linitiative.ca\/International\/wp-json\/wp\/v2\/users\/1763"}],"replies":[{"embeddable":true,"href":"https:\/\/linitiative.ca\/International\/wp-json\/wp\/v2\/comments?post=107932"}],"version-history":[{"count":0,"href":"https:\/\/linitiative.ca\/International\/wp-json\/wp\/v2\/posts\/107932\/revisions"}],"wp:attachment":[{"href":"https:\/\/linitiative.ca\/International\/wp-json\/wp\/v2\/media?parent=107932"}],"wp:term":[{"taxonomy":"category","embeddable":true,"href":"https:\/\/linitiative.ca\/International\/wp-json\/wp\/v2\/categories?post=107932"},{"taxonomy":"post_tag","embeddable":true,"href":"https:\/\/linitiative.ca\/International\/wp-json\/wp\/v2\/tags?post=107932"}],"curies":[{"name":"wp","href":"https:\/\/api.w.org\/{rel}","templated":true}]}}